{"id":110084,"date":"2019-08-13T14:01:03","date_gmt":"2019-08-13T17:01:03","guid":{"rendered":"http:\/\/www.caririemacao.com\/1\/?p=110084"},"modified":"2019-08-13T14:01:03","modified_gmt":"2019-08-13T17:01:03","slug":"monteirense-morre-vitima-de-acidente-de-carro-em-minas-gerais","status":"publish","type":"post","link":"https:\/\/www.caririemacao.com\/1\/2019\/08\/13\/monteirense-morre-vitima-de-acidente-de-carro-em-minas-gerais\/","title":{"rendered":"Monteirense morre v\u00edtima de acidente de carro em Minas Gerais"},"content":{"rendered":"\n<p>Um homem natural de Monteiro morreu neste final de semana v\u00edtima de acidente de carro em uma rodovia na cidade de Corinto, em Minas Gerais. A v\u00edtima foi identificada como Josa filho de Man\u00e9 de Duarte, do S\u00edtio Samambaia.<\/p>\n\n\n\n<p>Conforme informa\u00e7\u00f5es, a v\u00edtima retornava de Monteiro para o estado de S\u00e3o Paulo em seu carro com outros tr\u00eas ocupantes no carro, quando capotou o carro em uma rodovia federal em Minas Gerais.<\/p>\n\n\n\n<p>O monteirense n\u00e3o resistiu aos ferimentos e veio \u00e0 \u00f3bito. Os outros ocupantes do ve\u00edculo sofreram ferimentos e foram socorridos para uma unidade de sa\u00fade em Corinto, e passam bem.<\/p>\n","protected":false},"excerpt":{"rendered":"<p>Um homem natural de Monteiro morreu neste final de semana v\u00edtima de acidente de carro em uma rodovia na cidade de Corinto, em Minas Gerais.&hellip; <\/p>\n","protected":false},"author":1,"featured_media":110085,"comment_status":"closed","ping_status":"closed","sticky":false,"template":"","format":"standard","meta":{"sfsi_plus_gutenberg_text_before_share":"","sfsi_plus_gutenberg_show_text_before_share":"","sfsi_plus_gutenberg_icon_type":"","sfsi_plus_gutenberg_icon_alignemt":"","sfsi_plus_gutenburg_max_per_row":"","footnotes":""},"categories":[12],"tags":[],"class_list":["post-110084","post","type-post","status-publish","format-standard","has-post-thumbnail","hentry","category-policia"],"_links":{"self":[{"href":"https:\/\/www.caririemacao.com\/1\/wp-json\/wp\/v2\/posts\/110084","targetHints":{"allow":["GET"]}}],"collection":[{"href":"https:\/\/www.caririemacao.com\/1\/wp-json\/wp\/v2\/posts"}],"about":[{"href":"https:\/\/www.caririemacao.com\/1\/wp-json\/wp\/v2\/types\/post"}],"author":[{"embeddable":true,"href":"https:\/\/www.caririemacao.com\/1\/wp-json\/wp\/v2\/users\/1"}],"replies":[{"embeddable":true,"href":"https:\/\/www.caririemacao.com\/1\/wp-json\/wp\/v2\/comments?post=110084"}],"version-history":[{"count":1,"href":"https:\/\/www.caririemacao.com\/1\/wp-json\/wp\/v2\/posts\/110084\/revisions"}],"predecessor-version":[{"id":110086,"href":"https:\/\/www.caririemacao.com\/1\/wp-json\/wp\/v2\/posts\/110084\/revisions\/110086"}],"wp:featuredmedia":[{"embeddable":true,"href":"https:\/\/www.caririemacao.com\/1\/wp-json\/wp\/v2\/media\/110085"}],"wp:attachment":[{"href":"https:\/\/www.caririemacao.com\/1\/wp-json\/wp\/v2\/media?parent=110084"}],"wp:term":[{"taxonomy":"category","embeddable":true,"href":"https:\/\/www.caririemacao.com\/1\/wp-json\/wp\/v2\/categories?post=110084"},{"taxonomy":"post_tag","embeddable":true,"href":"https:\/\/www.caririemacao.com\/1\/wp-json\/wp\/v2\/tags?post=110084"}],"curies":[{"name":"wp","href":"https:\/\/api.w.org\/{rel}","templated":true}]}}