{"id":110090,"date":"2019-08-13T14:03:43","date_gmt":"2019-08-13T17:03:43","guid":{"rendered":"http:\/\/www.caririemacao.com\/1\/?p=110090"},"modified":"2019-08-13T14:03:43","modified_gmt":"2019-08-13T17:03:43","slug":"onibus-de-estudante-de-sertania-e-atingido-com-pedras-na-estrada-de-monteiro-estudante-e-lesionado-na-cabeca","status":"publish","type":"post","link":"https:\/\/www.caririemacao.com\/1\/2019\/08\/13\/onibus-de-estudante-de-sertania-e-atingido-com-pedras-na-estrada-de-monteiro-estudante-e-lesionado-na-cabeca\/","title":{"rendered":"\u00d4nibus de estudante de Sert\u00e2nia \u00e9 atingido com pedras na estrada de Monteiro estudante \u00e9 lesionado na cabe\u00e7a"},"content":{"rendered":"\n<p>Na noite da \u00faltima segunda-feira, dia 12, policiais militares do&nbsp;efetivo da GT foram solicitados para fazerem deslocamento at\u00e9 o S\u00edtio Cip\u00f3, Zona Rural de Sert\u00e2nia, onde segundo informa\u00e7\u00f5es do motorista do \u00f4nibus da prefeitura que conduz estudantes da cidade de Sert\u00e2nia para a faculdade de Monteiro, o mesmo dirigia o ve\u00edculo quando elementos n\u00e3o identificados jogaram uma pedra em&nbsp; sua dire\u00e7\u00e3o e atingiu a cabe\u00e7a de uma estudante que chegou a desmaiar.<\/p>\n\n\n\n<p>Chegando ao local fizeram o socorro da v\u00edtima, uma jovem de 29 anos de idade, e no trajeto se encontraram com a ambul\u00e2ncia que a removeu at\u00e9 o hospital da cidade onde a mesma se encontra em observa\u00e7\u00e3o.<\/p>\n\n\n\n<p>Foram feitas dilig\u00eancias, por\u00e9m n\u00e3o foi poss\u00edvel identificar o autor do crime, sendo a ocorr\u00eancia registrada na DP para medidas cab\u00edveis.<\/p>\n","protected":false},"excerpt":{"rendered":"<p>Na noite da \u00faltima segunda-feira, dia 12, policiais militares do&nbsp;efetivo da GT foram solicitados para fazerem deslocamento at\u00e9 o S\u00edtio Cip\u00f3, Zona Rural de Sert\u00e2nia,&hellip; <\/p>\n","protected":false},"author":1,"featured_media":110091,"comment_status":"closed","ping_status":"closed","sticky":false,"template":"","format":"standard","meta":{"sfsi_plus_gutenberg_text_before_share":"","sfsi_plus_gutenberg_show_text_before_share":"","sfsi_plus_gutenberg_icon_type":"","sfsi_plus_gutenberg_icon_alignemt":"","sfsi_plus_gutenburg_max_per_row":"","footnotes":""},"categories":[12],"tags":[],"class_list":["post-110090","post","type-post","status-publish","format-standard","has-post-thumbnail","hentry","category-policia"],"_links":{"self":[{"href":"https:\/\/www.caririemacao.com\/1\/wp-json\/wp\/v2\/posts\/110090","targetHints":{"allow":["GET"]}}],"collection":[{"href":"https:\/\/www.caririemacao.com\/1\/wp-json\/wp\/v2\/posts"}],"about":[{"href":"https:\/\/www.caririemacao.com\/1\/wp-json\/wp\/v2\/types\/post"}],"author":[{"embeddable":true,"href":"https:\/\/www.caririemacao.com\/1\/wp-json\/wp\/v2\/users\/1"}],"replies":[{"embeddable":true,"href":"https:\/\/www.caririemacao.com\/1\/wp-json\/wp\/v2\/comments?post=110090"}],"version-history":[{"count":1,"href":"https:\/\/www.caririemacao.com\/1\/wp-json\/wp\/v2\/posts\/110090\/revisions"}],"predecessor-version":[{"id":110092,"href":"https:\/\/www.caririemacao.com\/1\/wp-json\/wp\/v2\/posts\/110090\/revisions\/110092"}],"wp:featuredmedia":[{"embeddable":true,"href":"https:\/\/www.caririemacao.com\/1\/wp-json\/wp\/v2\/media\/110091"}],"wp:attachment":[{"href":"https:\/\/www.caririemacao.com\/1\/wp-json\/wp\/v2\/media?parent=110090"}],"wp:term":[{"taxonomy":"category","embeddable":true,"href":"https:\/\/www.caririemacao.com\/1\/wp-json\/wp\/v2\/categories?post=110090"},{"taxonomy":"post_tag","embeddable":true,"href":"https:\/\/www.caririemacao.com\/1\/wp-json\/wp\/v2\/tags?post=110090"}],"curies":[{"name":"wp","href":"https:\/\/api.w.org\/{rel}","templated":true}]}}