{"id":110102,"date":"2019-08-13T15:59:34","date_gmt":"2019-08-13T18:59:34","guid":{"rendered":"http:\/\/www.caririemacao.com\/1\/?p=110102"},"modified":"2019-08-13T15:59:34","modified_gmt":"2019-08-13T18:59:34","slug":"bolsonaro-viaja-ao-nordeste-para-inaugurar-escola-com-seu-nome-e-homenagear-militar","status":"publish","type":"post","link":"https:\/\/www.caririemacao.com\/1\/2019\/08\/13\/bolsonaro-viaja-ao-nordeste-para-inaugurar-escola-com-seu-nome-e-homenagear-militar\/","title":{"rendered":"Bolsonaro viaja ao Nordeste para inaugurar escola com seu nome e homenagear militar"},"content":{"rendered":"\n<p>&nbsp;O presidente Jair Bolsonaro (PSL) desembarca nesta quarta-feira (14) em Parna\u00edba (335 km de Teresina) para cumprir uma agenda cercada de simbolismos para o primeiro militar \u00e0 frente da Presid\u00eancia da Rep\u00fablica desde o fim ditadura militar (1964-1985).&nbsp;<\/p>\n\n\n\n<p>Em Parna\u00edba, que \u00e9 a segunda maior cidade do Piau\u00ed, o presidente vai inaugurar uma escola erguida pelo Sesc (Servi\u00e7o Social do Com\u00e9rcio) que seguir\u00e1 modelo de ensino militarizado, uma das principais bandeiras do presidente no campo da educa\u00e7\u00e3o.&nbsp;<\/p>\n\n\n\n<p>A escola foi batizada com o nome do pr\u00f3prio presidente e se chamar\u00e1 Escola Presidente Jair Messias Bolsonaro.<\/p>\n\n\n\n<p>Como pertence ao Sesc, entidade do sistema S cuja principal fonte de receita \u00e9 a contribui\u00e7\u00e3o dos empres\u00e1rios do setor do com\u00e9rcio, n\u00e3o h\u00e1 restri\u00e7\u00e3o legal para que a escola seja batizada com o nome do presidente.&nbsp; &nbsp;<\/p>\n\n\n\n<p>A iniciativa da homenagem partiu do presidente do conselho regional do Sesc no Piau\u00ed, Valdeci Cavalcante: &#8220;N\u00e3o estamos homenageando o Bolsonaro. Ele \u00e9 que ir\u00e1 nos homenagear se aceitar colocar seu nome em nossos anais&#8221;, afirmou o empres\u00e1rio \u00e0 reportagem.<\/p>\n\n\n\n<p>A escola ter\u00e1 em seu curr\u00edculo a disciplina &#8220;educa\u00e7\u00e3o, moral e c\u00edvica&#8221;, instaurada nas escolas durante a ditadura militar para ensinar sobre civismo e patriotismo.<\/p>\n\n\n\n<p>Tamb\u00e9m nesta quarta-feira, no Piau\u00ed, o presidente participa da &#8220;inaugura\u00e7\u00e3o&#8221; de uma avenida batizada com o nome do general Jo\u00e3o Baptista Figueiredo, \u00faltimo dos presidentes da ditadura, que governou o Brasil de 1979 a 1985.<\/p>\n\n\n\n<p>A via que ganhar\u00e1 o nome do ditador n\u00e3o \u00e9 exatamente uma obra nova: trata-se de um desmembramento da avenida Dr. Jo\u00e3o Silva Filho. A antiga avenida foi dividida em dois trechos que ter\u00e3o nomes diferentes.<\/p>\n\n\n\n<p>A mudan\u00e7a foi aprovada no in\u00edcio deste m\u00eas pela C\u00e2mara Municipal de Parna\u00edba.<br>Nos dois atos, o presidente ser\u00e1 ciceroneado por um antigo aliado: o ex-governador do Piau\u00ed (1994-2001) e atual prefeito de Parna\u00edba Francisco de Moraes Souza, o M\u00e3o Santa (SD).<\/p>\n\n\n\n<p>Conhecido pelo estilo folcl\u00f3rico e por bord\u00f5es como &#8220;atentai bem&#8221;, M\u00e3o Santa foi governador do Piau\u00ed de 1995 a novembro de 2001, quando foi cassado por abuso de poder econ\u00f4mico durante as elei\u00e7\u00f5es.<\/p>\n\n\n\n<p>Em 2017, M\u00e3o Santa chegou a ser cortejado por Bolsonaro como um potencial vice para sua chapa nas elei\u00e7\u00f5es presidenciais.<\/p>\n\n\n\n<p>&#8220;Pode ser o in\u00edcio de um namoro, mas um namoro h\u00e9tero&#8221;, disparou o ent\u00e3o deputado federal Jair Bolsonaro em 2017, ao receber a medalha do m\u00e9rito municipal de Parna\u00edba. Na \u00e9poca, marcava entre 11% e 16% das inten\u00e7\u00f5es de voto para a Presid\u00eancia, segundo o Datafolha.<\/p>\n\n\n\n<p>O &#8220;namoro&#8221; para a vice n\u00e3o prosperou, j\u00e1 que M\u00e3o Santa relutou em renunciar o mandato para aventurar-se numa candidatura nacional.<\/p>\n\n\n\n<p>Al\u00e9m da inaugura\u00e7\u00e3o da escola e da avenida, o presidente dever\u00e1 fazer um sobrevoo pela regi\u00e3o do per\u00edmetro irrigado Tabuleiros Litor\u00e2neos. Tamb\u00e9m receber\u00e1 da C\u00e2mara Municipal o t\u00edtulo de cidad\u00e3o parnaibense.<\/p>\n\n\n\n<p>Um t\u00edtulo semelhante foi aprovado para a primeira-dama Michelle Bolsonaro. Ainda n\u00e3o h\u00e1 confirma\u00e7\u00e3o se ela ir\u00e1 \u00e0 cidade de Parna\u00edba receber a honraria.<\/p>\n\n\n\n<p>A viagem a Parna\u00edba tamb\u00e9m marca a terceira visita do presidente ao Nordeste em menos de um m\u00eas \u2013 ele foi \u00e0 Vit\u00f3ria da Conquista e Sobradinho, na Bahia, nas \u00faltimas duas semanas.<\/p>\n\n\n\n<p>A ofensiva na regi\u00e3o acontece em meio a pol\u00eamicas do presidente junto aos governadores da regi\u00e3o, dos quais sete dos nove s\u00e3o de partidos de oposi\u00e7\u00e3o.<\/p>\n\n\n\n<p>A rela\u00e7\u00e3o ficou tensionada ap\u00f3s o dia 19 de julho, quando, o presidente usou uma express\u00e3o preconceituosa em rela\u00e7\u00e3o aos nordestinos. &#8220;Daqueles governadores de para\u00edba, o pior \u00e9 o do Maranh\u00e3o [Fl\u00e1vio Dino, do PC do B]. Tem que ter nada com esse cara&#8221;. O termo &#8220;para\u00edba&#8221; \u00e9 usado de forma pejorativa para se referir a nordestinos.<\/p>\n\n\n\n<p>Dias depois, na Bahia, o presidente chamou os governadores nordestinos de socialistas e afirmou que eles querem transformar a regi\u00e3o &#8220;em uma Cuba&#8221;.&nbsp;<\/p>\n","protected":false},"excerpt":{"rendered":"<p>&nbsp;O presidente Jair Bolsonaro (PSL) desembarca nesta quarta-feira (14) em Parna\u00edba (335 km de Teresina) para cumprir uma agenda cercada de simbolismos para o primeiro&hellip; <\/p>\n","protected":false},"author":1,"featured_media":109951,"comment_status":"closed","ping_status":"closed","sticky":false,"template":"","format":"standard","meta":{"sfsi_plus_gutenberg_text_before_share":"","sfsi_plus_gutenberg_show_text_before_share":"","sfsi_plus_gutenberg_icon_type":"","sfsi_plus_gutenberg_icon_alignemt":"","sfsi_plus_gutenburg_max_per_row":"","footnotes":""},"categories":[11],"tags":[],"class_list":["post-110102","post","type-post","status-publish","format-standard","has-post-thumbnail","hentry","category-politica"],"_links":{"self":[{"href":"https:\/\/www.caririemacao.com\/1\/wp-json\/wp\/v2\/posts\/110102","targetHints":{"allow":["GET"]}}],"collection":[{"href":"https:\/\/www.caririemacao.com\/1\/wp-json\/wp\/v2\/posts"}],"about":[{"href":"https:\/\/www.caririemacao.com\/1\/wp-json\/wp\/v2\/types\/post"}],"author":[{"embeddable":true,"href":"https:\/\/www.caririemacao.com\/1\/wp-json\/wp\/v2\/users\/1"}],"replies":[{"embeddable":true,"href":"https:\/\/www.caririemacao.com\/1\/wp-json\/wp\/v2\/comments?post=110102"}],"version-history":[{"count":1,"href":"https:\/\/www.caririemacao.com\/1\/wp-json\/wp\/v2\/posts\/110102\/revisions"}],"predecessor-version":[{"id":110103,"href":"https:\/\/www.caririemacao.com\/1\/wp-json\/wp\/v2\/posts\/110102\/revisions\/110103"}],"wp:featuredmedia":[{"embeddable":true,"href":"https:\/\/www.caririemacao.com\/1\/wp-json\/wp\/v2\/media\/109951"}],"wp:attachment":[{"href":"https:\/\/www.caririemacao.com\/1\/wp-json\/wp\/v2\/media?parent=110102"}],"wp:term":[{"taxonomy":"category","embeddable":true,"href":"https:\/\/www.caririemacao.com\/1\/wp-json\/wp\/v2\/categories?post=110102"},{"taxonomy":"post_tag","embeddable":true,"href":"https:\/\/www.caririemacao.com\/1\/wp-json\/wp\/v2\/tags?post=110102"}],"curies":[{"name":"wp","href":"https:\/\/api.w.org\/{rel}","templated":true}]}}