{"id":110108,"date":"2019-08-13T16:05:04","date_gmt":"2019-08-13T19:05:04","guid":{"rendered":"http:\/\/www.caririemacao.com\/1\/?p=110108"},"modified":"2019-08-13T16:05:04","modified_gmt":"2019-08-13T19:05:04","slug":"manifestantes-voltam-as-ruas-em-defesa-de-mais-recursos-para-educacao","status":"publish","type":"post","link":"https:\/\/www.caririemacao.com\/1\/2019\/08\/13\/manifestantes-voltam-as-ruas-em-defesa-de-mais-recursos-para-educacao\/","title":{"rendered":"Manifestantes voltam \u00e0s ruas em defesa de mais recursos para educa\u00e7\u00e3o"},"content":{"rendered":"\n<p>Convocados por&nbsp;entidades sindicais e movimentos estudantis,&nbsp;professores, t\u00e9cnico-administrativos e estudantes&nbsp;participam hoje (13), em v\u00e1rias cidades do pa\u00eds, de atos contra o contingenciamento de recursos da educa\u00e7\u00e3o, em defesa da autonomia das universidades p\u00fablicas e contra a reforma da Previd\u00eancia.<\/p>\n\n\n\n<p>Segundo a Confedera\u00e7\u00e3o Nacional dos Trabalhadores em Educa\u00e7\u00e3o (CNTE), h\u00e1 atos agendados em ao menos 170 cidades dos 26 estados, al\u00e9m do Distrito Federal. A manifesta\u00e7\u00e3o nacional \u00e9 uma continuidade da&nbsp;<a href=\"http:\/\/agenciabrasil.ebc.com.br\/geral\/noticia\/2019-05\/manifestantes-voltam-ruas-por-mais-verbas-para-universidades\" target=\"_blank\" rel=\"noreferrer noopener\">mobiliza\u00e7\u00e3o<\/a>&nbsp;de maio, organizada em defesa da manuten\u00e7\u00e3o das verbas para o ensino superior.&nbsp;Para a Uni\u00e3o Nacional dos Estudantes (UNE), os contingenciamentos&nbsp;anunciados pelo governo afetam n\u00e3o s\u00f3 o ensino superior, mas tamb\u00e9m a educa\u00e7\u00e3o b\u00e1sica, o ensino m\u00e9dio e programas de alfabetiza\u00e7\u00e3o.<\/p>\n\n\n\n<p>De acordo com a UNE,&nbsp;os protestos tamb\u00e9m s\u00e3o contra a proposta do Minist\u00e9rio da Educa\u00e7\u00e3o (MEC) de instaurar o programa Future-se, que, segundo a pasta, busca o fortalecimento da autonomia administrativa, financeira e da gest\u00e3o das universidades e institutos federais. Para as entidades sindicais e movimentos estudantis, o projeto transfere atribui\u00e7\u00f5es dos governos para o mercado.<\/p>\n\n\n\n<h2 class=\"wp-block-heading\">Distrito Federal<\/h2>\n\n\n\n<p>Um pequeno grupo de manifestantes come\u00e7ou o dia fechando parte da Rodovia DF-075, tamb\u00e9m conhecida como Estrada Parque N\u00facleo Bandeirante (EPNB), que liga o centro da capital federal a outras regi\u00f5es administrativas no sentido de Goi\u00e2nia. Portando faixas e cartazes com palavras de ordem contra o bloqueio de verbas para a educa\u00e7\u00e3o, o grupo queimou pneus, interrompendo parcialmente o tr\u00e1fego de ve\u00edculos.<\/p>\n\n\n\n<p>Pouco antes das 9h, profissionais da educa\u00e7\u00e3o, estudantes, sindicalistas e outros manifestantes come\u00e7aram a se concentrar no Conjunto Cultural da Rep\u00fablica, na Esplanada dos Minist\u00e9rios. Devido \u00e0 concentra\u00e7\u00e3o de pessoas, tr\u00eas faixas do Eixo Monumental tiveram que ser bloqueadas ao tr\u00e1fego de ve\u00edculos enquanto os manifestantes caminhavam em dire\u00e7\u00e3o ao Congresso Nacional. A certa altura, participantes da 1\u00aa Marcha das Mulheres Ind\u00edgenas, que tamb\u00e9m protestavam na Esplanada dos Minist\u00e9rios, uniram-se ao ato.<\/p>\n\n\n\n<p>A Secretaria de Educa\u00e7\u00e3o do Distrito Federal n\u00e3o suspendeu as aulas nas quase 700 escolas p\u00fablicas da rede de ensino, mas ainda aguarda informa\u00e7\u00f5es das coordena\u00e7\u00f5es regionais para fazer um balan\u00e7o do impacto dos atos. \u201cA pasta&nbsp;ter\u00e1 o balan\u00e7o no decorrer do dia e reitera que as aulas n\u00e3o ministradas durante a paralisa\u00e7\u00e3o dever\u00e3o ser repostas, em datas a serem definidas pelas dire\u00e7\u00f5es das escolas, ainda neste semestre, garantindo o cumprimento dos 100 dias letivos por semestre\u201d, informou a secretaria, em nota.<\/p>\n\n\n\n<p>Principal institui\u00e7\u00e3o universit\u00e1ria da capital, a Universidade de Bras\u00edlia (UnB) suspendeu as atividades. A paralisa\u00e7\u00e3o dos docentes&nbsp;foi aprovada em assembleia geral realizada&nbsp;ontem&nbsp;(12), pela associa\u00e7\u00e3o que representa a categoria, mas a ades\u00e3o efetiva caber\u00e1 a cada professor.&nbsp;<\/p>\n\n\n\n<h2 class=\"wp-block-heading\">Pernambuco<\/h2>\n\n\n\n<p>No Recife, embora a Universidade Federal de Pernambuco n\u00e3o tenha suspendido as aulas, professores e t\u00e9cnicos de v\u00e1rios departamentos dos tr\u00eas&nbsp;<em>campi<\/em>&nbsp;(Recife, Caruaru e Vit\u00f3ria de Santo Ant\u00e3o) da institui\u00e7\u00e3o aderiram ao movimento e n\u00e3o compareceram ao trabalho. Alunos de outras institui\u00e7\u00f5es, como o Instituto Federal, tamb\u00e9m n\u00e3o tiveram aulas. Um grande ato est\u00e1 agendado para as 14h, na Rua da Aurora, em frente ao Gin\u00e1sio Pernambucano. Al\u00e9m da capital, manifesta\u00e7\u00f5es foram agendadas em, pelo menos, outras quatro cidades do estado: Arco Verde, Caruaru,&nbsp;Garanhuns e Petrolina, de acordo com a CNTE.<\/p>\n\n\n\n<h2 class=\"wp-block-heading\">Bahia<\/h2>\n\n\n\n<p>Em Salvador, manifestantes se reuniram no Largo do Campo Grande, de onde sa\u00edram em caminhada at\u00e9 a Pra\u00e7a Castro Alves. Expondo faixas e cartazes, o grupo pediu&nbsp;mais investimentos em educa\u00e7\u00e3o. No mesmo hor\u00e1rio (10h), uma manifesta\u00e7\u00e3o semelhante ocorria em Feira de Santana.<\/p>\n\n\n\n<h2 class=\"wp-block-heading\">Cear\u00e1<\/h2>\n\n\n\n<p>Em Fortaleza, os manifestantes se concentraram na Pra\u00e7a da Gentil\u00e2ndia, no bairro Benfica. Participam professores, estudantes e outros trabalhadores da educa\u00e7\u00e3o. Segundo a Central \u00danica dos Trabalhadores (CUT), ao menos 12 cidades cearenses devem sediar alguma atividade alusiva \u00e0 mobiliza\u00e7\u00e3o&nbsp;ao longo do dia,&nbsp;entre elas Juazeiro do Norte, Sobral e Itapipoca.<\/p>\n","protected":false},"excerpt":{"rendered":"<p>Convocados por&nbsp;entidades sindicais e movimentos estudantis,&nbsp;professores, t\u00e9cnico-administrativos e estudantes&nbsp;participam hoje (13), em v\u00e1rias cidades do pa\u00eds, de atos contra o contingenciamento de recursos da educa\u00e7\u00e3o,&hellip; <\/p>\n","protected":false},"author":1,"featured_media":110109,"comment_status":"closed","ping_status":"closed","sticky":false,"template":"","format":"standard","meta":{"sfsi_plus_gutenberg_text_before_share":"","sfsi_plus_gutenberg_show_text_before_share":"","sfsi_plus_gutenberg_icon_type":"","sfsi_plus_gutenberg_icon_alignemt":"","sfsi_plus_gutenburg_max_per_row":"","footnotes":""},"categories":[6],"tags":[],"class_list":["post-110108","post","type-post","status-publish","format-standard","has-post-thumbnail","hentry","category-cidades"],"_links":{"self":[{"href":"https:\/\/www.caririemacao.com\/1\/wp-json\/wp\/v2\/posts\/110108","targetHints":{"allow":["GET"]}}],"collection":[{"href":"https:\/\/www.caririemacao.com\/1\/wp-json\/wp\/v2\/posts"}],"about":[{"href":"https:\/\/www.caririemacao.com\/1\/wp-json\/wp\/v2\/types\/post"}],"author":[{"embeddable":true,"href":"https:\/\/www.caririemacao.com\/1\/wp-json\/wp\/v2\/users\/1"}],"replies":[{"embeddable":true,"href":"https:\/\/www.caririemacao.com\/1\/wp-json\/wp\/v2\/comments?post=110108"}],"version-history":[{"count":1,"href":"https:\/\/www.caririemacao.com\/1\/wp-json\/wp\/v2\/posts\/110108\/revisions"}],"predecessor-version":[{"id":110110,"href":"https:\/\/www.caririemacao.com\/1\/wp-json\/wp\/v2\/posts\/110108\/revisions\/110110"}],"wp:featuredmedia":[{"embeddable":true,"href":"https:\/\/www.caririemacao.com\/1\/wp-json\/wp\/v2\/media\/110109"}],"wp:attachment":[{"href":"https:\/\/www.caririemacao.com\/1\/wp-json\/wp\/v2\/media?parent=110108"}],"wp:term":[{"taxonomy":"category","embeddable":true,"href":"https:\/\/www.caririemacao.com\/1\/wp-json\/wp\/v2\/categories?post=110108"},{"taxonomy":"post_tag","embeddable":true,"href":"https:\/\/www.caririemacao.com\/1\/wp-json\/wp\/v2\/tags?post=110108"}],"curies":[{"name":"wp","href":"https:\/\/api.w.org\/{rel}","templated":true}]}}