{"id":110115,"date":"2019-08-13T16:09:44","date_gmt":"2019-08-13T19:09:44","guid":{"rendered":"http:\/\/www.caririemacao.com\/1\/?p=110115"},"modified":"2019-08-13T16:19:37","modified_gmt":"2019-08-13T19:19:37","slug":"camara-faz-sessao-em-homenagem-a-trabalhadoras-rurais","status":"publish","type":"post","link":"https:\/\/www.caririemacao.com\/1\/2019\/08\/13\/camara-faz-sessao-em-homenagem-a-trabalhadoras-rurais\/","title":{"rendered":"C\u00e2mara faz sess\u00e3o em homenagem a trabalhadoras rurais"},"content":{"rendered":"\n<p>A C\u00e2mara dos Deputados realizou\u00a0hoje\u00a0(13) sess\u00e3o solene em homenagem \u00e0 Marcha das Margaridas no plen\u00e1rio Ulysses Guimar\u00e3es, movimentro de\u00a0trabalhadoras rurais, que busca melhores condi\u00e7\u00f5es de vida no campo e nas florestas. O lema desta\u00a0sexta\u00a0edi\u00e7\u00e3o da marcha \u00e9 \u201cMargaridas na luta por um Brasil com soberania popular, democracia, justi\u00e7a, igualdade e livre de viol\u00eancia\u201d. O\u00a0nome \u00e9 inspirado na l\u00edder sindical\u00a0paraibana Margarida Maria Alves, assassinada no dia\u00a012 de agosto\u00a0de 1983, aos 50 anos.O combate \u00e0 viol\u00eancia contra as mulheres \u00e9 um dos principais pleitos das agricultoras presentes na capital federal. \u201cA gente sabe que, no nosso pa\u00eds, cada vez mais, o \u00edndice de feminic\u00eddio est\u00e1 muito alto e fica meio invis\u00edvel na sociedade, sobretudo para as mulheres trabalhadoras rurais\u201d, disse Maria Jos\u00e9 Moraes Costa, secret\u00e1ria de Mulheres da Confedera\u00e7\u00e3o Nacional dos Trabalhadores na Agricultura (Contag) e coordenadora-geral da Marcha das Margaridas.Para a\u00a0deputada Erika Kokay (PT-DF), uma das autoras do requerimento para a sess\u00e3o solene, a Marcha das Margaridas faz parte da hist\u00f3ria da luta das mulheres do campo. \u201c\u00c9 a reprodu\u00e7\u00e3o por milhares de mulheres do que foi a vida e a luta de Margarida Alves, que dizia: \u2018\u00e9 melhor morrer na luta do que morrer de fome\u2019. Ela enfrentou o latif\u00fandio e organizou os trabalhadores e trabalhadoras na sua regi\u00e3o\u201d, disse a parlamentar.O movimento tem este ano dez eixos tem\u00e1ticos, entre eles a prote\u00e7\u00e3o e conserva\u00e7\u00e3o da biodiversidade, o direito \u00e0 educa\u00e7\u00e3o do campo e o fortalecimento da participa\u00e7\u00e3o pol\u00edtica das mulheres. \u201cNosso car\u00e1ter\u00a0\u00e9 denunciar todo tipo de retrocesso, e, ao mesmo tempo, de resist\u00eancia e de proposi\u00e7\u00e3o, de anunciar tudo o que estamos construindo e o que a gente deseja enquanto margaridas do campo, da floresta e das \u00e1guas\u201d, afirmou Maria Jos\u00e9.A Marcha das Margaridas 2019 ser\u00e1 realizada\u00a0hoje\u00a0e amanh\u00e3 (14). Nesta\u00a0quarta-feira, as mulheres v\u00e3o marchar do Parque da Cidade em dire\u00e7\u00e3o \u00e0 Esplanada dos Minist\u00e9rios, onde ser\u00e1 feito o encerramento nas proximidades do Congresso Nacional.<\/p>\n","protected":false},"excerpt":{"rendered":"<p>A C\u00e2mara dos Deputados realizou\u00a0hoje\u00a0(13) sess\u00e3o solene em homenagem \u00e0 Marcha das Margaridas no plen\u00e1rio Ulysses Guimar\u00e3es, movimentro de\u00a0trabalhadoras rurais, que busca melhores condi\u00e7\u00f5es de&hellip; <\/p>\n","protected":false},"author":1,"featured_media":109398,"comment_status":"closed","ping_status":"closed","sticky":false,"template":"","format":"standard","meta":{"sfsi_plus_gutenberg_text_before_share":"","sfsi_plus_gutenberg_show_text_before_share":"","sfsi_plus_gutenberg_icon_type":"","sfsi_plus_gutenberg_icon_alignemt":"","sfsi_plus_gutenburg_max_per_row":"","footnotes":""},"categories":[11],"tags":[],"class_list":["post-110115","post","type-post","status-publish","format-standard","has-post-thumbnail","hentry","category-politica"],"_links":{"self":[{"href":"https:\/\/www.caririemacao.com\/1\/wp-json\/wp\/v2\/posts\/110115","targetHints":{"allow":["GET"]}}],"collection":[{"href":"https:\/\/www.caririemacao.com\/1\/wp-json\/wp\/v2\/posts"}],"about":[{"href":"https:\/\/www.caririemacao.com\/1\/wp-json\/wp\/v2\/types\/post"}],"author":[{"embeddable":true,"href":"https:\/\/www.caririemacao.com\/1\/wp-json\/wp\/v2\/users\/1"}],"replies":[{"embeddable":true,"href":"https:\/\/www.caririemacao.com\/1\/wp-json\/wp\/v2\/comments?post=110115"}],"version-history":[{"count":2,"href":"https:\/\/www.caririemacao.com\/1\/wp-json\/wp\/v2\/posts\/110115\/revisions"}],"predecessor-version":[{"id":110132,"href":"https:\/\/www.caririemacao.com\/1\/wp-json\/wp\/v2\/posts\/110115\/revisions\/110132"}],"wp:featuredmedia":[{"embeddable":true,"href":"https:\/\/www.caririemacao.com\/1\/wp-json\/wp\/v2\/media\/109398"}],"wp:attachment":[{"href":"https:\/\/www.caririemacao.com\/1\/wp-json\/wp\/v2\/media?parent=110115"}],"wp:term":[{"taxonomy":"category","embeddable":true,"href":"https:\/\/www.caririemacao.com\/1\/wp-json\/wp\/v2\/categories?post=110115"},{"taxonomy":"post_tag","embeddable":true,"href":"https:\/\/www.caririemacao.com\/1\/wp-json\/wp\/v2\/tags?post=110115"}],"curies":[{"name":"wp","href":"https:\/\/api.w.org\/{rel}","templated":true}]}}