{"id":110126,"date":"2019-08-13T16:18:03","date_gmt":"2019-08-13T19:18:03","guid":{"rendered":"http:\/\/www.caririemacao.com\/1\/?p=110126"},"modified":"2019-08-13T16:18:03","modified_gmt":"2019-08-13T19:18:03","slug":"prefeitura-de-camalau-promove-campanha-do-agasalho-atraves-da-secretaria-de-acao-social","status":"publish","type":"post","link":"https:\/\/www.caririemacao.com\/1\/2019\/08\/13\/prefeitura-de-camalau-promove-campanha-do-agasalho-atraves-da-secretaria-de-acao-social\/","title":{"rendered":"Prefeitura de Camala\u00fa promove Campanha do Agasalho atrav\u00e9s da Secretaria de A\u00e7\u00e3o Social"},"content":{"rendered":"\n<p>A prefeitura municipal de Camala\u00fa est\u00e1 realizando atrav\u00e9s da Secretaria de A\u00e7\u00e3o Social e Trabalho, a Campanha do Agasalho.<br>A Campanha ser\u00e1 promovida durante todo o m\u00eas de agosto e visa ajudar pessoas com menos condi\u00e7\u00f5es financeiras, a se protegerem do frio, durante as baixas temperaturas registradas neste per\u00edodo, atrav\u00e9s de agasalhos, blusas de frio e cobertores, entre outras roupas.<br>As doa\u00e7\u00f5es podem ser realizadas nos seguintes pontos de arrecada\u00e7\u00f5es:<br>-CREAS-CRAS-SEDE DA SECRETARIA DE TRABALHO E A\u00c7\u00c3O SOCIAL.<\/p>\n","protected":false},"excerpt":{"rendered":"<p>A prefeitura municipal de Camala\u00fa est\u00e1 realizando atrav\u00e9s da Secretaria de A\u00e7\u00e3o Social e Trabalho, a Campanha do Agasalho.A Campanha ser\u00e1 promovida durante todo o&hellip; <\/p>\n","protected":false},"author":1,"featured_media":110127,"comment_status":"closed","ping_status":"closed","sticky":false,"template":"","format":"standard","meta":{"sfsi_plus_gutenberg_text_before_share":"","sfsi_plus_gutenberg_show_text_before_share":"","sfsi_plus_gutenberg_icon_type":"","sfsi_plus_gutenberg_icon_alignemt":"","sfsi_plus_gutenburg_max_per_row":"","footnotes":""},"categories":[11],"tags":[],"class_list":["post-110126","post","type-post","status-publish","format-standard","has-post-thumbnail","hentry","category-politica"],"_links":{"self":[{"href":"https:\/\/www.caririemacao.com\/1\/wp-json\/wp\/v2\/posts\/110126","targetHints":{"allow":["GET"]}}],"collection":[{"href":"https:\/\/www.caririemacao.com\/1\/wp-json\/wp\/v2\/posts"}],"about":[{"href":"https:\/\/www.caririemacao.com\/1\/wp-json\/wp\/v2\/types\/post"}],"author":[{"embeddable":true,"href":"https:\/\/www.caririemacao.com\/1\/wp-json\/wp\/v2\/users\/1"}],"replies":[{"embeddable":true,"href":"https:\/\/www.caririemacao.com\/1\/wp-json\/wp\/v2\/comments?post=110126"}],"version-history":[{"count":1,"href":"https:\/\/www.caririemacao.com\/1\/wp-json\/wp\/v2\/posts\/110126\/revisions"}],"predecessor-version":[{"id":110128,"href":"https:\/\/www.caririemacao.com\/1\/wp-json\/wp\/v2\/posts\/110126\/revisions\/110128"}],"wp:featuredmedia":[{"embeddable":true,"href":"https:\/\/www.caririemacao.com\/1\/wp-json\/wp\/v2\/media\/110127"}],"wp:attachment":[{"href":"https:\/\/www.caririemacao.com\/1\/wp-json\/wp\/v2\/media?parent=110126"}],"wp:term":[{"taxonomy":"category","embeddable":true,"href":"https:\/\/www.caririemacao.com\/1\/wp-json\/wp\/v2\/categories?post=110126"},{"taxonomy":"post_tag","embeddable":true,"href":"https:\/\/www.caririemacao.com\/1\/wp-json\/wp\/v2\/tags?post=110126"}],"curies":[{"name":"wp","href":"https:\/\/api.w.org\/{rel}","templated":true}]}}