{"id":110140,"date":"2019-08-13T20:31:34","date_gmt":"2019-08-13T23:31:34","guid":{"rendered":"http:\/\/www.caririemacao.com\/1\/?p=110140"},"modified":"2019-08-13T20:31:34","modified_gmt":"2019-08-13T23:31:34","slug":"secretaria-de-saude-de-ouro-velho-realiza-mais-uma-edicao-do-projeto-saude-em-todo-lugar","status":"publish","type":"post","link":"https:\/\/www.caririemacao.com\/1\/2019\/08\/13\/secretaria-de-saude-de-ouro-velho-realiza-mais-uma-edicao-do-projeto-saude-em-todo-lugar\/","title":{"rendered":"Secretaria de Sa\u00fade de Ouro Velho realiza mais uma edi\u00e7\u00e3o do projeto \u2018Sa\u00fade em todo lugar\u2019"},"content":{"rendered":"\n<p>Os moradores do s\u00edtio OlhosD\u2019\u00e1gua foram beneficiados, com a\u00e7\u00f5es de sa\u00fade e cidadania oferecidos pela Prefeitura Municipal de Ouro Velho, em parceria com a secretaria de Sa\u00fade. As atividades est\u00e3o dentro da perspectiva de aproximar a gest\u00e3o municipal e chegar mais perto de quem mais precisa para garantir uma assist\u00eancia a esta popula\u00e7\u00e3o.<\/p>\n\n\n\n<p>\u201cA gest\u00e3o da Prefeita Nat\u00e1lia de Dr J\u00fanior, busca humanizar e democratizar o acesso da popula\u00e7\u00e3o aos servi\u00e7os oferecidos pela Prefeitura e garantir, por exemplo, mais sa\u00fade, educa\u00e7\u00e3o e habita\u00e7\u00e3o de qualidade. Atrav\u00e9s das a\u00e7\u00f5es de sa\u00fade e cidadania, n\u00f3s levamos servi\u00e7os essenciais a essas comunidades e ampliamos a assist\u00eancia em diversos setores. Esse trabalho preventivo que estamos fazendo aqui auxilia e se integra aos servi\u00e7os que prestamos nos postos de sa\u00fade\u201d, afirmou a secret\u00e1ria de Sa\u00fade, Liudmila Nunes.<\/p>\n\n\n\n<p>Durante a a\u00e7\u00e3o, foi oferecido atendimento m\u00e9dico, enfermagem, orienta\u00e7\u00e3o nutricional, palestras voltadas ao cuidado com a sa\u00fade. A proposta do projeto \u00e9 estar cada vez mais perto da popula\u00e7\u00e3o avaliando as necessidades e oferecendo, principalmente, os servi\u00e7os priorit\u00e1rios, como esses na \u00e1rea da sa\u00fade. Esse trabalho itinerante contribui para que a gest\u00e3o esteja ainda mais presente na vida dos cidad\u00e3os OuroVelhenses.<\/p>\n\n\n\n<p>\u201cEm todas as edi\u00e7\u00f5es, eu me sinto cada vez mais lisonjeado em poder contribuir com o bem estar da nossa gente, sabendo que muitos ainda t\u00eam dificuldade em receber atendimento adequado e merecido. Esse projeto busca prevenir o adoecimento e dar qualidade de vida a todos os usu\u00e1rios da rede p\u00fablica de sa\u00fade, em especial aos moradores dessa comunidade rural\u201d destacou o m\u00e9dico da fam\u00edlia, Dr J\u00fanior.<\/p>\n\n\n\n<figure class=\"wp-block-image\"><img fetchpriority=\"high\" decoding=\"async\" width=\"768\" height=\"1024\" src=\"http:\/\/www.caririemacao.com\/1\/wp-content\/uploads\/2019\/08\/ov3-768x1024.jpg\" alt=\"\" class=\"wp-image-110143\" srcset=\"https:\/\/www.caririemacao.com\/1\/wp-content\/uploads\/2019\/08\/ov3.jpg 768w, https:\/\/www.caririemacao.com\/1\/wp-content\/uploads\/2019\/08\/ov3-225x300.jpg 225w\" sizes=\"(max-width: 768px) 100vw, 768px\" \/><\/figure>\n\n\n\n<p>Para o Nutricionista Diogo, este tipo de a\u00e7\u00e3o \u00e9 de grande import\u00e2ncia \u201c\u00c9 uma a\u00e7\u00e3o de extrema import\u00e2ncia, levando em conta as dificuldades que eles t\u00eam de ir at\u00e9 a cidade em busca de atendimento m\u00e9dico. Sensibilizada com essa situa\u00e7\u00e3o a prefeita Nat\u00e1lia exigiu que n\u00f3s que fazemos parte da secretaria de Sa\u00fade, desenvolvesse a\u00e7\u00f5es dessa natureza em todas as comunidades rurais\u201d, salientou o Nutricionista.<\/p>\n\n\n\n<p>politicaparahyba<\/p>\n\n\n\n<p><\/p>\n","protected":false},"excerpt":{"rendered":"<p>Os moradores do s\u00edtio OlhosD\u2019\u00e1gua foram beneficiados, com a\u00e7\u00f5es de sa\u00fade e cidadania oferecidos pela Prefeitura Municipal de Ouro Velho, em parceria com a secretaria&hellip; <\/p>\n","protected":false},"author":2,"featured_media":110142,"comment_status":"closed","ping_status":"closed","sticky":false,"template":"","format":"standard","meta":{"sfsi_plus_gutenberg_text_before_share":"","sfsi_plus_gutenberg_show_text_before_share":"","sfsi_plus_gutenberg_icon_type":"","sfsi_plus_gutenberg_icon_alignemt":"","sfsi_plus_gutenburg_max_per_row":"","footnotes":""},"categories":[50,2],"tags":[],"class_list":["post-110140","post","type-post","status-publish","format-standard","has-post-thumbnail","hentry","category-destaque","category-geral"],"_links":{"self":[{"href":"https:\/\/www.caririemacao.com\/1\/wp-json\/wp\/v2\/posts\/110140","targetHints":{"allow":["GET"]}}],"collection":[{"href":"https:\/\/www.caririemacao.com\/1\/wp-json\/wp\/v2\/posts"}],"about":[{"href":"https:\/\/www.caririemacao.com\/1\/wp-json\/wp\/v2\/types\/post"}],"author":[{"embeddable":true,"href":"https:\/\/www.caririemacao.com\/1\/wp-json\/wp\/v2\/users\/2"}],"replies":[{"embeddable":true,"href":"https:\/\/www.caririemacao.com\/1\/wp-json\/wp\/v2\/comments?post=110140"}],"version-history":[{"count":1,"href":"https:\/\/www.caririemacao.com\/1\/wp-json\/wp\/v2\/posts\/110140\/revisions"}],"predecessor-version":[{"id":110144,"href":"https:\/\/www.caririemacao.com\/1\/wp-json\/wp\/v2\/posts\/110140\/revisions\/110144"}],"wp:featuredmedia":[{"embeddable":true,"href":"https:\/\/www.caririemacao.com\/1\/wp-json\/wp\/v2\/media\/110142"}],"wp:attachment":[{"href":"https:\/\/www.caririemacao.com\/1\/wp-json\/wp\/v2\/media?parent=110140"}],"wp:term":[{"taxonomy":"category","embeddable":true,"href":"https:\/\/www.caririemacao.com\/1\/wp-json\/wp\/v2\/categories?post=110140"},{"taxonomy":"post_tag","embeddable":true,"href":"https:\/\/www.caririemacao.com\/1\/wp-json\/wp\/v2\/tags?post=110140"}],"curies":[{"name":"wp","href":"https:\/\/api.w.org\/{rel}","templated":true}]}}