{"id":110145,"date":"2019-08-13T20:36:22","date_gmt":"2019-08-13T23:36:22","guid":{"rendered":"http:\/\/www.caririemacao.com\/1\/?p=110145"},"modified":"2019-08-13T20:36:22","modified_gmt":"2019-08-13T23:36:22","slug":"mp-investiga-licitacao-em-coxixola","status":"publish","type":"post","link":"https:\/\/www.caririemacao.com\/1\/2019\/08\/13\/mp-investiga-licitacao-em-coxixola\/","title":{"rendered":"MP investiga licita\u00e7\u00e3o em Coxixola"},"content":{"rendered":"\n<p>O Minist\u00e9rio P\u00fablico da Para\u00edba abriu nesta ter\u00e7a-feira\n(13), um inqu\u00e9rito Civil para investigar a realiza\u00e7\u00e3o de uma licita\u00e7\u00e3o feita\npela Prefeitura de&nbsp;Coxixola, no Cariri paraibano, no fim do ano passado. O\npreg\u00e3o solicitava quase 50 tipos de equipamentos e material para Secretaria\nMunicipal de Sa\u00fade de Coxixola.<\/p>\n\n\n\n<p>Segundo o \u00f3rg\u00e3o, a den\u00fancia \u00e9 que o preg\u00e3o aconteceu \u00e0s\nv\u00e9speras do r\u00e9veillon com poss\u00edvel preju\u00edzo \u00e0 competitividade do processo. O\ncaso foi noticiado pela Defesa do Patrim\u00f4nio P\u00fablico, Fazenda P\u00fablica e\nTerceiro Setor, contra a prefeitura de&nbsp;Coxixola.<\/p>\n\n\n\n<p>O prefeito de\u00a0Coxixola, Givaldo Limeira, disse que ainda n\u00e3o foi notificado sobre o inqu\u00e9rito e que s\u00f3 deve falar sobre o caso quando for notificado.<\/p>\n\n\n\n<p>O promotor de Justi\u00e7a Ant\u00f4nio Barros Pontes Neto, da comarca\nde Serra Branca, deu o prazo de 10 dias para que o prefeito Givaldo Limeira\n(DEM), apresente defesa com informa\u00e7\u00f5es detalhadas sobre o preg\u00e3o presencial n\u00ba\n00040\/2018.<\/p>\n\n\n\n<p>O preg\u00e3o que est\u00e1 sendo tinha o objetivo de adquirir\nequipamentos permanentes para atender demandas da Secretaria Municipal de\nSa\u00fade. Entre os itens estavam equipamentos como computador, ar condicionado,\narm\u00e1rio, balan\u00e7a, balde, bebedouro, cadeiras de rodas, geladeira, impressora,\nestetosc\u00f3pios, nebulizador e outros.<\/p>\n\n\n\n<p>Ao todo s\u00e3o 49 itens solicitados com um valor m\u00e9dio total de quase R$ 80 mil. No edital do preg\u00e3o, o prazo para concorr\u00eancia era o dia 28 de dezembro. Os envelopes dos concorrentes seriam abertos no mesmo dia, \u00e0s 10h.<\/p>\n\n\n\n<p>Portaltvcariri<\/p>\n","protected":false},"excerpt":{"rendered":"<p>O Minist\u00e9rio P\u00fablico da Para\u00edba abriu nesta ter\u00e7a-feira (13), um inqu\u00e9rito Civil para investigar a realiza\u00e7\u00e3o de uma licita\u00e7\u00e3o feita pela Prefeitura de&nbsp;Coxixola, no Cariri&hellip; <\/p>\n","protected":false},"author":2,"featured_media":110146,"comment_status":"closed","ping_status":"closed","sticky":false,"template":"","format":"standard","meta":{"sfsi_plus_gutenberg_text_before_share":"","sfsi_plus_gutenberg_show_text_before_share":"","sfsi_plus_gutenberg_icon_type":"","sfsi_plus_gutenberg_icon_alignemt":"","sfsi_plus_gutenburg_max_per_row":"","footnotes":""},"categories":[50,2],"tags":[],"class_list":["post-110145","post","type-post","status-publish","format-standard","has-post-thumbnail","hentry","category-destaque","category-geral"],"_links":{"self":[{"href":"https:\/\/www.caririemacao.com\/1\/wp-json\/wp\/v2\/posts\/110145","targetHints":{"allow":["GET"]}}],"collection":[{"href":"https:\/\/www.caririemacao.com\/1\/wp-json\/wp\/v2\/posts"}],"about":[{"href":"https:\/\/www.caririemacao.com\/1\/wp-json\/wp\/v2\/types\/post"}],"author":[{"embeddable":true,"href":"https:\/\/www.caririemacao.com\/1\/wp-json\/wp\/v2\/users\/2"}],"replies":[{"embeddable":true,"href":"https:\/\/www.caririemacao.com\/1\/wp-json\/wp\/v2\/comments?post=110145"}],"version-history":[{"count":1,"href":"https:\/\/www.caririemacao.com\/1\/wp-json\/wp\/v2\/posts\/110145\/revisions"}],"predecessor-version":[{"id":110147,"href":"https:\/\/www.caririemacao.com\/1\/wp-json\/wp\/v2\/posts\/110145\/revisions\/110147"}],"wp:featuredmedia":[{"embeddable":true,"href":"https:\/\/www.caririemacao.com\/1\/wp-json\/wp\/v2\/media\/110146"}],"wp:attachment":[{"href":"https:\/\/www.caririemacao.com\/1\/wp-json\/wp\/v2\/media?parent=110145"}],"wp:term":[{"taxonomy":"category","embeddable":true,"href":"https:\/\/www.caririemacao.com\/1\/wp-json\/wp\/v2\/categories?post=110145"},{"taxonomy":"post_tag","embeddable":true,"href":"https:\/\/www.caririemacao.com\/1\/wp-json\/wp\/v2\/tags?post=110145"}],"curies":[{"name":"wp","href":"https:\/\/api.w.org\/{rel}","templated":true}]}}