{"id":110170,"date":"2019-08-14T08:35:57","date_gmt":"2019-08-14T11:35:57","guid":{"rendered":"http:\/\/www.caririemacao.com\/1\/?p=110170"},"modified":"2019-08-14T08:35:57","modified_gmt":"2019-08-14T11:35:57","slug":"deputado-se-inspira-em-bolsonaro-e-sugere-projeto-para-obrigar-exame-psicotecnico-para-candidatos-a-presidente-da-republica","status":"publish","type":"post","link":"https:\/\/www.caririemacao.com\/1\/2019\/08\/14\/deputado-se-inspira-em-bolsonaro-e-sugere-projeto-para-obrigar-exame-psicotecnico-para-candidatos-a-presidente-da-republica\/","title":{"rendered":"Deputado se inspira em Bolsonaro e sugere projeto para obrigar exame psicot\u00e9cnico para candidatos a presidente da Rep\u00fablica"},"content":{"rendered":"\n<p>&nbsp;deputado estadual Raniery Paulino (MDB) sugeriu, nesta ter\u00e7a-feira (13), um projeto de lei a ser apresentado pelos parlamentares no Congresso, inspirado no presidente Jair Bolsonaro. A propositura \u00e9 que os candidatos a presidente da Rep\u00fablica tivessem que ser submetidos a exame psicot\u00e9cnico. A declara\u00e7\u00e3o aconteceu em entrevista na Assembleia Legislativa da Para\u00edba.&nbsp;&nbsp;<\/p>\n\n\n\n<p>&#8220;Sinceramente, falta muito controle e equil\u00edbrio emocional ao presidente. Desejo muito que ele busque isso, espero de verdade. Ele foi eleito legitimamente, ele queira ou n\u00e3o, \u00e9 o l\u00edder maior da nossa na\u00e7\u00e3o, hoje, queir\u00e3o ou n\u00e3o. Mesmo n\u00e3o votando nele, eu reconhe\u00e7o ele dessa forma. Mas eu gostaria que ele tivesse mais equil\u00edbrio, contemporizasse mais e respeitasse as diferen\u00e7as&#8221;, explicou Raniery.&nbsp;<\/p>\n\n\n\n<p><a href=\"https:\/\/www.clickpb.com.br\/media\/filer_public\/05\/94\/0594a12e-9284-48ce-8334-923db4b4b226\/entrevista_de_ranieri.m4a\">Confira a entrevista&nbsp;<\/a><\/p>\n\n\n\n<p>Raniery Paulino argumentou que, para obter carteira de habilita\u00e7\u00e3o, \u00e9 preciso o exame psicot\u00e9cnico. Para haver essa mudan\u00e7a em rela\u00e7\u00e3o aos candidatos, a iniciativa teria que partir do Congresso.&nbsp;<\/p>\n\n\n\n<p>&#8220;Eu espero que essa entrevista chegue a um senador, a um deputado federal que apresente um projeto de lei, que para ser candidato a exig\u00eancia \u00e9 muito grande, mas falta ter o exame de sanidade mental e de aptid\u00e3o f\u00edsica, deveria ter, sim, o psicot\u00e9cnico para ser candidato. Pra voc\u00ea dirigir, precisa, e para dirigir uma na\u00e7\u00e3o \u00e9 que precisaria mesmo&#8221;, defendeu Raniery.<\/p>\n","protected":false},"excerpt":{"rendered":"<p>&nbsp;deputado estadual Raniery Paulino (MDB) sugeriu, nesta ter\u00e7a-feira (13), um projeto de lei a ser apresentado pelos parlamentares no Congresso, inspirado no presidente Jair Bolsonaro.&hellip; <\/p>\n","protected":false},"author":1,"featured_media":110167,"comment_status":"closed","ping_status":"closed","sticky":false,"template":"","format":"standard","meta":{"sfsi_plus_gutenberg_text_before_share":"","sfsi_plus_gutenberg_show_text_before_share":"","sfsi_plus_gutenberg_icon_type":"","sfsi_plus_gutenberg_icon_alignemt":"","sfsi_plus_gutenburg_max_per_row":"","footnotes":""},"categories":[11],"tags":[],"class_list":["post-110170","post","type-post","status-publish","format-standard","has-post-thumbnail","hentry","category-politica"],"_links":{"self":[{"href":"https:\/\/www.caririemacao.com\/1\/wp-json\/wp\/v2\/posts\/110170","targetHints":{"allow":["GET"]}}],"collection":[{"href":"https:\/\/www.caririemacao.com\/1\/wp-json\/wp\/v2\/posts"}],"about":[{"href":"https:\/\/www.caririemacao.com\/1\/wp-json\/wp\/v2\/types\/post"}],"author":[{"embeddable":true,"href":"https:\/\/www.caririemacao.com\/1\/wp-json\/wp\/v2\/users\/1"}],"replies":[{"embeddable":true,"href":"https:\/\/www.caririemacao.com\/1\/wp-json\/wp\/v2\/comments?post=110170"}],"version-history":[{"count":1,"href":"https:\/\/www.caririemacao.com\/1\/wp-json\/wp\/v2\/posts\/110170\/revisions"}],"predecessor-version":[{"id":110171,"href":"https:\/\/www.caririemacao.com\/1\/wp-json\/wp\/v2\/posts\/110170\/revisions\/110171"}],"wp:featuredmedia":[{"embeddable":true,"href":"https:\/\/www.caririemacao.com\/1\/wp-json\/wp\/v2\/media\/110167"}],"wp:attachment":[{"href":"https:\/\/www.caririemacao.com\/1\/wp-json\/wp\/v2\/media?parent=110170"}],"wp:term":[{"taxonomy":"category","embeddable":true,"href":"https:\/\/www.caririemacao.com\/1\/wp-json\/wp\/v2\/categories?post=110170"},{"taxonomy":"post_tag","embeddable":true,"href":"https:\/\/www.caririemacao.com\/1\/wp-json\/wp\/v2\/tags?post=110170"}],"curies":[{"name":"wp","href":"https:\/\/api.w.org\/{rel}","templated":true}]}}