{"id":110175,"date":"2019-08-14T08:38:42","date_gmt":"2019-08-14T11:38:42","guid":{"rendered":"http:\/\/www.caririemacao.com\/1\/?p=110175"},"modified":"2019-08-14T08:38:42","modified_gmt":"2019-08-14T11:38:42","slug":"camara-de-princesa-isabel-abre-inscricoes-de-concurso-com-salarios-de-ate-r-4-mil","status":"publish","type":"post","link":"https:\/\/www.caririemacao.com\/1\/2019\/08\/14\/camara-de-princesa-isabel-abre-inscricoes-de-concurso-com-salarios-de-ate-r-4-mil\/","title":{"rendered":"C\u00e2mara de Princesa Isabel abre inscri\u00e7\u00f5es de concurso com sal\u00e1rios de at\u00e9 R$ 4 mil"},"content":{"rendered":"\n<p>&nbsp;C\u00e2mara Municipal de Princesa Isabel publicou edital de concurso p\u00fablico com oito vagas e sal\u00e1rios de at\u00e9 R$ 4 mil. As inscri\u00e7\u00f5es ser\u00e3o abertas nesta ter\u00e7a-feira (13) e encerradas no dia 6 de setembro.<\/p>\n\n\n\n<p>S\u00e3o vagas nos cargos de procurador jur\u00eddico, contador, auxiliar de servi\u00e7os gerais e agente administrativo. A taxa de inscri\u00e7\u00e3o varia entre R$ 60 e R$ 100, proporcionalmente ao n\u00edvel de escolaridade que exige o cargo. Esse pagamento deve ser feito at\u00e9 o dia 9 de setembro.<\/p>\n\n\n\n<p>A isen\u00e7\u00e3o da taxa de inscri\u00e7\u00e3o deve ser solicitada entre os dias 14 e 16 de agosto, das 8h \u00e0s 13h, na sede da C\u00e2mara de Princesa Isabel.<\/p>\n\n\n\n<p>A confirma\u00e7\u00e3o da rela\u00e7\u00e3o de inscritos deve ser divulgada no dia 26 de agosto. As provas ser\u00e3o aplicadas no dia 13 de outubro, em Princesa Isabel.<\/p>\n\n\n\n<p>O<a href=\"https:\/\/www.clickpb.com.br\/media\/filer_public\/01\/41\/0141f300-dbd2-4133-85e8-ef2126d62f68\/edital_camara_princesa_isabel_pb.pdf\">&nbsp;edital&nbsp;<\/a>com todas as informa\u00e7\u00f5es, assinado pela presidente da Comiss\u00e3o Especial do Concurso P\u00fablico da C\u00e2mara, Celina Diniz Sobral, est\u00e1 dispon\u00edvel no&nbsp;<a href=\"https:\/\/advise.listaeditais.com.br\/edital\/ver\/2282\">site da banca organizadora, a Advise.<\/a><\/p>\n","protected":false},"excerpt":{"rendered":"<p>&nbsp;C\u00e2mara Municipal de Princesa Isabel publicou edital de concurso p\u00fablico com oito vagas e sal\u00e1rios de at\u00e9 R$ 4 mil. As inscri\u00e7\u00f5es ser\u00e3o abertas nesta&hellip; <\/p>\n","protected":false},"author":1,"featured_media":110176,"comment_status":"closed","ping_status":"closed","sticky":false,"template":"","format":"standard","meta":{"sfsi_plus_gutenberg_text_before_share":"","sfsi_plus_gutenberg_show_text_before_share":"","sfsi_plus_gutenberg_icon_type":"","sfsi_plus_gutenberg_icon_alignemt":"","sfsi_plus_gutenburg_max_per_row":"","footnotes":""},"categories":[2],"tags":[],"class_list":["post-110175","post","type-post","status-publish","format-standard","has-post-thumbnail","hentry","category-geral"],"_links":{"self":[{"href":"https:\/\/www.caririemacao.com\/1\/wp-json\/wp\/v2\/posts\/110175","targetHints":{"allow":["GET"]}}],"collection":[{"href":"https:\/\/www.caririemacao.com\/1\/wp-json\/wp\/v2\/posts"}],"about":[{"href":"https:\/\/www.caririemacao.com\/1\/wp-json\/wp\/v2\/types\/post"}],"author":[{"embeddable":true,"href":"https:\/\/www.caririemacao.com\/1\/wp-json\/wp\/v2\/users\/1"}],"replies":[{"embeddable":true,"href":"https:\/\/www.caririemacao.com\/1\/wp-json\/wp\/v2\/comments?post=110175"}],"version-history":[{"count":1,"href":"https:\/\/www.caririemacao.com\/1\/wp-json\/wp\/v2\/posts\/110175\/revisions"}],"predecessor-version":[{"id":110177,"href":"https:\/\/www.caririemacao.com\/1\/wp-json\/wp\/v2\/posts\/110175\/revisions\/110177"}],"wp:featuredmedia":[{"embeddable":true,"href":"https:\/\/www.caririemacao.com\/1\/wp-json\/wp\/v2\/media\/110176"}],"wp:attachment":[{"href":"https:\/\/www.caririemacao.com\/1\/wp-json\/wp\/v2\/media?parent=110175"}],"wp:term":[{"taxonomy":"category","embeddable":true,"href":"https:\/\/www.caririemacao.com\/1\/wp-json\/wp\/v2\/categories?post=110175"},{"taxonomy":"post_tag","embeddable":true,"href":"https:\/\/www.caririemacao.com\/1\/wp-json\/wp\/v2\/tags?post=110175"}],"curies":[{"name":"wp","href":"https:\/\/api.w.org\/{rel}","templated":true}]}}