{"id":110185,"date":"2019-08-14T11:43:15","date_gmt":"2019-08-14T14:43:15","guid":{"rendered":"http:\/\/www.caririemacao.com\/1\/?p=110185"},"modified":"2019-08-14T11:43:15","modified_gmt":"2019-08-14T14:43:15","slug":"ibge-cresce-abate-de-bovinos-suinos-e-frangos","status":"publish","type":"post","link":"https:\/\/www.caririemacao.com\/1\/2019\/08\/14\/ibge-cresce-abate-de-bovinos-suinos-e-frangos\/","title":{"rendered":"IBGE: cresce abate de bovinos, su\u00ednos e frangos"},"content":{"rendered":"\n<p>&nbsp;resultado do segundo trimestre de 2019 para a pecu\u00e1ria mostra que o abate de bovinos no pa\u00eds aumentou 4,1%, o de su\u00ednos 5,1% e o de frangos 3,6%, na compara\u00e7\u00e3o com o mesmo per\u00edodo de 2018. Os dados foram divulgados&nbsp;hoje&nbsp;(14) pelo Instituto Brasileiro de Geografia e Estat\u00edstica (IBGE). Em rela\u00e7\u00e3o ao primeiro trimestre de 2019, o abate de bovinos cresceu 2,4%, o de su\u00ednos subiu 0,7% e o de frangos caiu 1,5%.<\/p>\n\n\n\n<p>No per\u00edodo analisado, foram abatidas 8,08 milh\u00f5es de cabe\u00e7as de bovinos, com uma produ\u00e7\u00e3o total de 2,01 milh\u00f5es de toneladas de carca\u00e7as, uma alta de 3,6% em rela\u00e7\u00e3o ao primeiro trimestre e de 5,5% em compara\u00e7\u00e3o com o segundo trimestre de 2018.<\/p>\n\n\n\n<p>O de su\u00ednos chegou a 11,39 milh\u00f5es de cabe\u00e7as, chegando ao peso acumulado das carca\u00e7as de 1,02 milh\u00e3o toneladas, uma alta de 2,5% em rela\u00e7\u00e3o ao trimestre anterior e de 4,3% em rela\u00e7\u00e3o ao mesmo per\u00edodo do ano passado.<\/p>\n\n\n\n<p>J\u00e1 o abate de frangos alcan\u00e7ou 1,43 bilh\u00e3o de cabe\u00e7as, com peso acumulado de 3,35 milh\u00f5es de toneladas. Na compara\u00e7\u00e3o trimestral, o n\u00famero representou queda de 1,0% e na compara\u00e7\u00e3o anual o acr\u00e9scimo foi de 0,4%.<\/p>\n\n\n\n<p>A produ\u00e7\u00e3o de leite cru foi 5,86 bilh\u00f5es de litros, um aumento de 7,1% em rela\u00e7\u00e3o ao ano anterior e redu\u00e7\u00e3o de 5,4% na compara\u00e7\u00e3o trimestral.<\/p>\n\n\n\n<p>A aquisi\u00e7\u00e3o de couro cru bovino foi de 8,39 milh\u00f5es de pe\u00e7as inteiras no segundo trimestre de 2019, uma queda de 1,1% em rela\u00e7\u00e3o ao trimestre anterior e aumento de 1% ao registrado no segundo trimestre de 2018.<\/p>\n\n\n\n<p>A produ\u00e7\u00e3o de ovos de galinha alcan\u00e7ou 930,93 milh\u00f5es de d\u00fazias, um crescimento de 2% na compara\u00e7\u00e3o trimestral e de 5,8% na anual.<\/p>\n","protected":false},"excerpt":{"rendered":"<p>&nbsp;resultado do segundo trimestre de 2019 para a pecu\u00e1ria mostra que o abate de bovinos no pa\u00eds aumentou 4,1%, o de su\u00ednos 5,1% e o&hellip; <\/p>\n","protected":false},"author":1,"featured_media":110186,"comment_status":"closed","ping_status":"closed","sticky":false,"template":"","format":"standard","meta":{"sfsi_plus_gutenberg_text_before_share":"","sfsi_plus_gutenberg_show_text_before_share":"","sfsi_plus_gutenberg_icon_type":"","sfsi_plus_gutenberg_icon_alignemt":"","sfsi_plus_gutenburg_max_per_row":"","footnotes":""},"categories":[2],"tags":[],"class_list":["post-110185","post","type-post","status-publish","format-standard","has-post-thumbnail","hentry","category-geral"],"_links":{"self":[{"href":"https:\/\/www.caririemacao.com\/1\/wp-json\/wp\/v2\/posts\/110185","targetHints":{"allow":["GET"]}}],"collection":[{"href":"https:\/\/www.caririemacao.com\/1\/wp-json\/wp\/v2\/posts"}],"about":[{"href":"https:\/\/www.caririemacao.com\/1\/wp-json\/wp\/v2\/types\/post"}],"author":[{"embeddable":true,"href":"https:\/\/www.caririemacao.com\/1\/wp-json\/wp\/v2\/users\/1"}],"replies":[{"embeddable":true,"href":"https:\/\/www.caririemacao.com\/1\/wp-json\/wp\/v2\/comments?post=110185"}],"version-history":[{"count":1,"href":"https:\/\/www.caririemacao.com\/1\/wp-json\/wp\/v2\/posts\/110185\/revisions"}],"predecessor-version":[{"id":110187,"href":"https:\/\/www.caririemacao.com\/1\/wp-json\/wp\/v2\/posts\/110185\/revisions\/110187"}],"wp:featuredmedia":[{"embeddable":true,"href":"https:\/\/www.caririemacao.com\/1\/wp-json\/wp\/v2\/media\/110186"}],"wp:attachment":[{"href":"https:\/\/www.caririemacao.com\/1\/wp-json\/wp\/v2\/media?parent=110185"}],"wp:term":[{"taxonomy":"category","embeddable":true,"href":"https:\/\/www.caririemacao.com\/1\/wp-json\/wp\/v2\/categories?post=110185"},{"taxonomy":"post_tag","embeddable":true,"href":"https:\/\/www.caririemacao.com\/1\/wp-json\/wp\/v2\/tags?post=110185"}],"curies":[{"name":"wp","href":"https:\/\/api.w.org\/{rel}","templated":true}]}}