{"id":110191,"date":"2019-08-14T11:46:16","date_gmt":"2019-08-14T14:46:16","guid":{"rendered":"http:\/\/www.caririemacao.com\/1\/?p=110191"},"modified":"2019-08-14T11:46:16","modified_gmt":"2019-08-14T14:46:16","slug":"populacao-de-animais-em-florestas-cai-pela-metade-desde-1970","status":"publish","type":"post","link":"https:\/\/www.caririemacao.com\/1\/2019\/08\/14\/populacao-de-animais-em-florestas-cai-pela-metade-desde-1970\/","title":{"rendered":"Popula\u00e7\u00e3o de animais em florestas cai pela metade desde 1970"},"content":{"rendered":"\n<p>Desmatamento, ca\u00e7a ilegal, doen\u00e7as, mudan\u00e7a clim\u00e1tica. Para os animais silvestres que vivem nas florestas do mundo, as \u00faltimas d\u00e9cadas representaram uma hecatombe. Segundo um relat\u00f3rio divulgado pela Organiza\u00e7\u00e3o N\u00e3o Governamental (ONG) ambiental World Wide Fund for Nature (WWF), a popula\u00e7\u00e3o desses animais diminuiu pela metade desde 1970.<\/p>\n\n\n\n<p>O estudo analisou 455 popula\u00e7\u00f5es de 268 esp\u00e9cies de mam\u00edferos, r\u00e9pteis, anf\u00edbios e p\u00e1ssaros que vivem em florestas e concluiu que houve um decl\u00ednio de 53% na quantidade de animais vertebrados entre 1970 e 2014. A WWF aponta que a situa\u00e7\u00e3o \u00e9 particularmente cr\u00edtica na Amaz\u00f4nia e em outras florestas tropicais. O estudo tamb\u00e9m analisou popula\u00e7\u00f5es de florestas temperadas, boreais e mediterr\u00e2neas.<\/p>\n\n\n\n<p>Segundo a ONG, 60% dessas perdas est\u00e3o relacionadas ao desmatamento e \u00e0 degrada\u00e7\u00e3o dr\u00e1stica do&nbsp;<em>habitat<\/em>&nbsp;das popula\u00e7\u00f5es de animais. O texto ainda aponta que a ca\u00e7a, a introdu\u00e7\u00e3o de esp\u00e9cies invasoras, a dissemina\u00e7\u00e3o de doen\u00e7as e a mudan\u00e7a clim\u00e1tica tamb\u00e9m contribu\u00edram para o quadro.<\/p>\n\n\n\n<p>No caso do Brasil, a WWF menciona a derrubada de \u00e1rvores por madeireiros como principal causa da diminui\u00e7\u00e3o da popula\u00e7\u00e3o de animais, mas queimadas tamb\u00e9m tiveram efeitos duradouros sobre v\u00e1rias esp\u00e9cies.<\/p>\n\n\n\n<h2 class=\"wp-block-heading\">Florestas temperadas<\/h2>\n\n\n\n<p>Em florestas tropicais como a Amaz\u00f4nia, em m\u00e9dia, a perda de popula\u00e7\u00e3o das esp\u00e9cies estudadas superou o crescimento de todos os grupos somados. J\u00e1 nas florestas temperadas, o crescimento da popula\u00e7\u00e3o de algumas esp\u00e9cies, especialmente p\u00e1ssaros, ajudou a reverter a tend\u00eancia negativa na m\u00e9dia de todas as popula\u00e7\u00f5es.<\/p>\n\n\n\n<p>Ainda de acordo com a WWF, a diminui\u00e7\u00e3o da popula\u00e7\u00e3o tem sido especialmente dura com anf\u00edbios e r\u00e9pteis, enquanto as popula\u00e7\u00f5es de p\u00e1ssaros registraram mais anos positivos de crescimento do que de decl\u00ednio.&nbsp;<\/p>\n\n\n\n<p>A an\u00e1lise tamb\u00e9m menciona exemplos de como a popula\u00e7\u00e3o de algumas esp\u00e9cies pode ser recuperada. Entre os casos mais otimistas mencionados pela WWF est\u00e1 o aumento das popula\u00e7\u00f5es de gorilas na \u00c1frica Central e Oriental, gra\u00e7as a medidas de prote\u00e7\u00e3o, e de macacos&nbsp;na Costa Rica.<\/p>\n\n\n\n<p>No caso da Costa Rica, a WWF chama de positiva a tend\u00eancia de aumento na prote\u00e7\u00e3o e regenera\u00e7\u00e3o da floresta tropical. No entanto, a ONG adverte que enquanto as florestas t\u00eam capacidade para recuperar mais rapidamente a sua cobertura vegetal, as popula\u00e7\u00f5es de vertebrados que habitam essas matas podem precisar de muitas d\u00e9cadas para se recuperar totalmente.<\/p>\n\n\n\n<p>Por fim, a WWF lembra que as florestas s\u00e3o essenciais para que metas globais de conserva\u00e7\u00e3o da biodiversidade sejam atingidas e para combater as mudan\u00e7as clim\u00e1ticas e promover o desenvolvimento sustent\u00e1vel.<\/p>\n\n\n\n<p>&#8220;As florestas s\u00e3o importantes dep\u00f3sitos de carbono, e as florestas tropicais s\u00e3o alguns dos habitats com maior biodiversidade do mundo, contendo mais da metade das esp\u00e9cies terrestres do mundo. As florestas tamb\u00e9m fornecem outros servi\u00e7os ecossist\u00eamicos vitais, incluindo alimentos, medicamentos, materiais, purifica\u00e7\u00e3o de \u00e1gua, controle de eros\u00e3o e reciclagem de nutrientes. E mais de um bilh\u00e3o de pessoas dependem das florestas para sua subsist\u00eancia&#8221;, conclui o estudo.<\/p>\n","protected":false},"excerpt":{"rendered":"<p>Desmatamento, ca\u00e7a ilegal, doen\u00e7as, mudan\u00e7a clim\u00e1tica. Para os animais silvestres que vivem nas florestas do mundo, as \u00faltimas d\u00e9cadas representaram uma hecatombe. Segundo um relat\u00f3rio&hellip; <\/p>\n","protected":false},"author":1,"featured_media":110192,"comment_status":"closed","ping_status":"closed","sticky":false,"template":"","format":"standard","meta":{"sfsi_plus_gutenberg_text_before_share":"","sfsi_plus_gutenberg_show_text_before_share":"","sfsi_plus_gutenberg_icon_type":"","sfsi_plus_gutenberg_icon_alignemt":"","sfsi_plus_gutenburg_max_per_row":"","footnotes":""},"categories":[2],"tags":[],"class_list":["post-110191","post","type-post","status-publish","format-standard","has-post-thumbnail","hentry","category-geral"],"_links":{"self":[{"href":"https:\/\/www.caririemacao.com\/1\/wp-json\/wp\/v2\/posts\/110191","targetHints":{"allow":["GET"]}}],"collection":[{"href":"https:\/\/www.caririemacao.com\/1\/wp-json\/wp\/v2\/posts"}],"about":[{"href":"https:\/\/www.caririemacao.com\/1\/wp-json\/wp\/v2\/types\/post"}],"author":[{"embeddable":true,"href":"https:\/\/www.caririemacao.com\/1\/wp-json\/wp\/v2\/users\/1"}],"replies":[{"embeddable":true,"href":"https:\/\/www.caririemacao.com\/1\/wp-json\/wp\/v2\/comments?post=110191"}],"version-history":[{"count":1,"href":"https:\/\/www.caririemacao.com\/1\/wp-json\/wp\/v2\/posts\/110191\/revisions"}],"predecessor-version":[{"id":110193,"href":"https:\/\/www.caririemacao.com\/1\/wp-json\/wp\/v2\/posts\/110191\/revisions\/110193"}],"wp:featuredmedia":[{"embeddable":true,"href":"https:\/\/www.caririemacao.com\/1\/wp-json\/wp\/v2\/media\/110192"}],"wp:attachment":[{"href":"https:\/\/www.caririemacao.com\/1\/wp-json\/wp\/v2\/media?parent=110191"}],"wp:term":[{"taxonomy":"category","embeddable":true,"href":"https:\/\/www.caririemacao.com\/1\/wp-json\/wp\/v2\/categories?post=110191"},{"taxonomy":"post_tag","embeddable":true,"href":"https:\/\/www.caririemacao.com\/1\/wp-json\/wp\/v2\/tags?post=110191"}],"curies":[{"name":"wp","href":"https:\/\/api.w.org\/{rel}","templated":true}]}}