{"id":110197,"date":"2019-08-14T11:49:03","date_gmt":"2019-08-14T14:49:03","guid":{"rendered":"http:\/\/www.caririemacao.com\/1\/?p=110197"},"modified":"2019-08-14T11:49:03","modified_gmt":"2019-08-14T14:49:03","slug":"ministro-da-defesa-nega-possivel-golpe-de-estado-na-venezuela","status":"publish","type":"post","link":"https:\/\/www.caririemacao.com\/1\/2019\/08\/14\/ministro-da-defesa-nega-possivel-golpe-de-estado-na-venezuela\/","title":{"rendered":"Ministro da Defesa nega poss\u00edvel golpe de Estado na Venezuela"},"content":{"rendered":"\n<p>&nbsp;ministro da Defesa venezuelano,&nbsp;Vladimir Padrino L\u00f3pez, negou a possibilidade de uma tentativa de golpe de Estado no pa\u00eds, ou uma transi\u00e7\u00e3o pol\u00edtica que a oposi\u00e7\u00e3o considera necess\u00e1ria para acabar com a crise.<\/p>\n\n\n\n<p>&#8220;N\u00e3o vai haver nem golpe de Estado, nem governo de fato, nem transi\u00e7\u00e3o alguma&#8221;, disse ele nessa ter\u00e7a-feira (13). &#8220;Aqui n\u00e3o vai se instalar qualquer governo porque as For\u00e7as Armadas est\u00e3o consciente das suas obriga\u00e7\u00f5es morais e constitucionais&#8221;.<\/p>\n\n\n\n<p>Padrino L\u00f3pez acrescentou que os militares v\u00e3o &#8220;defender a democracia&#8221; e o &#8220;presidente Nicol\u00e1s Maduro, eleito pelo povo&#8221;.<\/p>\n\n\n\n<p>A crise pol\u00edtica, econ\u00f4mica e social venezuelana agravou-se desde janeiro deste ano, quando o presidente da Assembleia Nacional (Parlamento, onde a oposi\u00e7\u00e3o det\u00e9m a maioria), Juan Guaid\u00f3, se autoproclamou presidente interino da Venezuela.<\/p>\n\n\n\n<p>A oposi\u00e7\u00e3o, que conta com o apoio de mais de 50 pa\u00edses, defende que para resolver a crise Maduro deve ser afastado do poder, deve ser designado um governo de transi\u00e7\u00e3o e convocadas elei\u00e7\u00f5es livres e transparentes.<\/p>\n\n\n\n<p>Mais de 4 milh\u00f5es de venezuelanos abandonaram o pa\u00eds, desde 2015, de acordo com dados da Organiza\u00e7\u00e3o das Na\u00e7\u00f5es Unidas (ONU).<\/p>\n","protected":false},"excerpt":{"rendered":"<p>&nbsp;ministro da Defesa venezuelano,&nbsp;Vladimir Padrino L\u00f3pez, negou a possibilidade de uma tentativa de golpe de Estado no pa\u00eds, ou uma transi\u00e7\u00e3o pol\u00edtica que a oposi\u00e7\u00e3o&hellip; <\/p>\n","protected":false},"author":1,"featured_media":51739,"comment_status":"closed","ping_status":"closed","sticky":false,"template":"","format":"standard","meta":{"sfsi_plus_gutenberg_text_before_share":"","sfsi_plus_gutenberg_show_text_before_share":"","sfsi_plus_gutenberg_icon_type":"","sfsi_plus_gutenberg_icon_alignemt":"","sfsi_plus_gutenburg_max_per_row":"","footnotes":""},"categories":[11],"tags":[],"class_list":["post-110197","post","type-post","status-publish","format-standard","has-post-thumbnail","hentry","category-politica"],"_links":{"self":[{"href":"https:\/\/www.caririemacao.com\/1\/wp-json\/wp\/v2\/posts\/110197","targetHints":{"allow":["GET"]}}],"collection":[{"href":"https:\/\/www.caririemacao.com\/1\/wp-json\/wp\/v2\/posts"}],"about":[{"href":"https:\/\/www.caririemacao.com\/1\/wp-json\/wp\/v2\/types\/post"}],"author":[{"embeddable":true,"href":"https:\/\/www.caririemacao.com\/1\/wp-json\/wp\/v2\/users\/1"}],"replies":[{"embeddable":true,"href":"https:\/\/www.caririemacao.com\/1\/wp-json\/wp\/v2\/comments?post=110197"}],"version-history":[{"count":1,"href":"https:\/\/www.caririemacao.com\/1\/wp-json\/wp\/v2\/posts\/110197\/revisions"}],"predecessor-version":[{"id":110198,"href":"https:\/\/www.caririemacao.com\/1\/wp-json\/wp\/v2\/posts\/110197\/revisions\/110198"}],"wp:featuredmedia":[{"embeddable":true,"href":"https:\/\/www.caririemacao.com\/1\/wp-json\/wp\/v2\/media\/51739"}],"wp:attachment":[{"href":"https:\/\/www.caririemacao.com\/1\/wp-json\/wp\/v2\/media?parent=110197"}],"wp:term":[{"taxonomy":"category","embeddable":true,"href":"https:\/\/www.caririemacao.com\/1\/wp-json\/wp\/v2\/categories?post=110197"},{"taxonomy":"post_tag","embeddable":true,"href":"https:\/\/www.caririemacao.com\/1\/wp-json\/wp\/v2\/tags?post=110197"}],"curies":[{"name":"wp","href":"https:\/\/api.w.org\/{rel}","templated":true}]}}