{"id":110207,"date":"2019-08-14T11:57:50","date_gmt":"2019-08-14T14:57:50","guid":{"rendered":"http:\/\/www.caririemacao.com\/1\/?p=110207"},"modified":"2019-08-14T11:57:50","modified_gmt":"2019-08-14T14:57:50","slug":"professora-e-assaltada-e-tem-celular-levado-por-bandido-na-cidade-de-sume","status":"publish","type":"post","link":"https:\/\/www.caririemacao.com\/1\/2019\/08\/14\/professora-e-assaltada-e-tem-celular-levado-por-bandido-na-cidade-de-sume\/","title":{"rendered":"Professora \u00e9 assaltada e tem celular levado por bandido na cidade de Sum\u00e9"},"content":{"rendered":"\n<p>Uma professora da rede municipal de ensino foi assaltada por volta das 6h40 desta quarta-feira (14), o fato aconteceu na Rua Jos\u00e9 de Gouveia em Sum\u00e9, pr\u00f3ximo a Casa do ex-prefeito, Dr. Neto.<\/p>\n\n\n\n<p>A professora estava a caminho do trabalho quando foi abordada por um homem armado que lhe roubou o aparelho celular, um iphone 5 de cor branca, que custa aproximadamente R$ 2.500,00.<\/p>\n\n\n\n<p>De acordo com a v\u00edtima, o homem era&nbsp;baixo, negro, magro, vestindo camiseta vermelha, short jeans, bon\u00e9 e cal\u00e7ando sand\u00e1lia havaiana. O individuo fugiu com destino ao Bairro Renascer. Um boletim de ocorr\u00eancia foi registrado na Pol\u00edcia Civil e a Pol\u00edcia Militar da cidade j\u00e1 est\u00e1 em busca na tentativa de capturar o assaltante.<\/p>\n","protected":false},"excerpt":{"rendered":"<p>Uma professora da rede municipal de ensino foi assaltada por volta das 6h40 desta quarta-feira (14), o fato aconteceu na Rua Jos\u00e9 de Gouveia em&hellip; <\/p>\n","protected":false},"author":1,"featured_media":105260,"comment_status":"closed","ping_status":"closed","sticky":false,"template":"","format":"standard","meta":{"sfsi_plus_gutenberg_text_before_share":"","sfsi_plus_gutenberg_show_text_before_share":"","sfsi_plus_gutenberg_icon_type":"","sfsi_plus_gutenberg_icon_alignemt":"","sfsi_plus_gutenburg_max_per_row":"","footnotes":""},"categories":[12],"tags":[],"class_list":["post-110207","post","type-post","status-publish","format-standard","has-post-thumbnail","hentry","category-policia"],"_links":{"self":[{"href":"https:\/\/www.caririemacao.com\/1\/wp-json\/wp\/v2\/posts\/110207","targetHints":{"allow":["GET"]}}],"collection":[{"href":"https:\/\/www.caririemacao.com\/1\/wp-json\/wp\/v2\/posts"}],"about":[{"href":"https:\/\/www.caririemacao.com\/1\/wp-json\/wp\/v2\/types\/post"}],"author":[{"embeddable":true,"href":"https:\/\/www.caririemacao.com\/1\/wp-json\/wp\/v2\/users\/1"}],"replies":[{"embeddable":true,"href":"https:\/\/www.caririemacao.com\/1\/wp-json\/wp\/v2\/comments?post=110207"}],"version-history":[{"count":1,"href":"https:\/\/www.caririemacao.com\/1\/wp-json\/wp\/v2\/posts\/110207\/revisions"}],"predecessor-version":[{"id":110208,"href":"https:\/\/www.caririemacao.com\/1\/wp-json\/wp\/v2\/posts\/110207\/revisions\/110208"}],"wp:featuredmedia":[{"embeddable":true,"href":"https:\/\/www.caririemacao.com\/1\/wp-json\/wp\/v2\/media\/105260"}],"wp:attachment":[{"href":"https:\/\/www.caririemacao.com\/1\/wp-json\/wp\/v2\/media?parent=110207"}],"wp:term":[{"taxonomy":"category","embeddable":true,"href":"https:\/\/www.caririemacao.com\/1\/wp-json\/wp\/v2\/categories?post=110207"},{"taxonomy":"post_tag","embeddable":true,"href":"https:\/\/www.caririemacao.com\/1\/wp-json\/wp\/v2\/tags?post=110207"}],"curies":[{"name":"wp","href":"https:\/\/api.w.org\/{rel}","templated":true}]}}