{"id":110222,"date":"2019-08-14T12:17:17","date_gmt":"2019-08-14T15:17:17","guid":{"rendered":"http:\/\/www.caririemacao.com\/1\/?p=110222"},"modified":"2019-08-14T12:17:17","modified_gmt":"2019-08-14T15:17:17","slug":"saiba-mais-sobre-o-alzheimer-e-as-principais-formas-de-prevenir-esta-doenca","status":"publish","type":"post","link":"https:\/\/www.caririemacao.com\/1\/2019\/08\/14\/saiba-mais-sobre-o-alzheimer-e-as-principais-formas-de-prevenir-esta-doenca\/","title":{"rendered":"Saiba mais sobre o Alzheimer e as principais formas de prevenir esta doen\u00e7a"},"content":{"rendered":"\n<p> Descrita pelo neurologista alem\u00e3o, Alois Alzheimer, a doen\u00e7a de Alzheimer \u00e9 caracterizada pela deteriora\u00e7\u00e3o das fun\u00e7\u00f5es cerebrais, como perda de mem\u00f3ria e da linguagem.<\/p>\n\n\n\n<p>A doen\u00e7a afeta pessoa de idade e \u00e9 respons\u00e1vel por mais da metade dos casos de dem\u00eancia da popula\u00e7\u00e3o.<\/p>\n\n\n\n<p>Em entrevista \u00e0 R\u00e1dio CBN FM, o m\u00e9dico neurologista Ednaldo Marques elencou algum dos sintomas comportamentais da patologia.<\/p>\n\n\n\n<p>\u2013 N\u00e3o \u00e9 f\u00e1cil para a fam\u00edlia lidar com a doen\u00e7a de Alzheimer porque, afinal de contas, \u00e9 uma doen\u00e7a comportamental. \u00c9 como que algo emocional, \u00e9 necess\u00e1ria muita informa\u00e7\u00e3o sobre a doen\u00e7a para que a pessoa se eduque e saiba lidar melhor com aquilo. Por exemplo, existem os sintomas comportamentais de dem\u00eancia, alucina\u00e7\u00f5es, agita\u00e7\u00e3o e agressividade. Existem t\u00e9cnicas para validar o paciente, para facilitar a vida da fam\u00edlia e a rela\u00e7\u00e3o entre a fam\u00edlia e o paciente- disse.<\/p>\n\n\n\n<p>Marques destacou que o Alzheimer \u00e9 uma doen\u00e7a neurodegenerativa.<\/p>\n\n\n\n<p>\u2013 O que acontece \u00e9 degenera\u00e7\u00e3o cerebral, ou seja, Alzheimer \u00e9 uma doen\u00e7a neurodegenerativa e progressiva. O ideal \u00e9 que o diagn\u00f3stico seja dado o quanto antes. Por exemplo, as pessoas tendem a achar que o idoso \u201ctem mais \u00e9 que esquecer\u201d. O ideal \u00e9 que morresse cuidando do dinheiro, morresse dirigindo, morresse cuidado da pr\u00f3pria casa e morresse preparando as refei\u00e7\u00f5es. Morrer que eu digo \u00e9 at\u00e9 o \u00faltimo dia ser funcional, ser aut\u00f4nomo, ser dono da pr\u00f3pria vida e dono das pr\u00f3prias decis\u00f5es- destacou.<\/p>\n\n\n\n<p>Os principais sintomas do Alzheimer \u00e9 a falta de mem\u00f3ria para acontecimentos recentes, repeti\u00e7\u00e3o da mesma pergunta v\u00e1rias vezes, dificuldade para dirigir autom\u00f3vel, dificuldade para encontrar caminhos conhecidos, irritabilidade, agressividade e tend\u00eancia ao isolamento.<\/p>\n\n\n\n<p>As principais formas de prevenir a doen\u00e7a s\u00e3o estudando, lendo, pensando, mantendo a mente sempre ativa, n\u00e3o fumando, n\u00e3o consumindo bebida alco\u00f3lica, ter alimenta\u00e7\u00e3o saud\u00e1vel e praticar atividades f\u00edsicas.<\/p>\n","protected":false},"excerpt":{"rendered":"<p>Descrita pelo neurologista alem\u00e3o, Alois Alzheimer, a doen\u00e7a de Alzheimer \u00e9 caracterizada pela deteriora\u00e7\u00e3o das fun\u00e7\u00f5es cerebrais, como perda de mem\u00f3ria e da linguagem. A&hellip; <\/p>\n","protected":false},"author":1,"featured_media":110223,"comment_status":"closed","ping_status":"closed","sticky":false,"template":"","format":"standard","meta":{"sfsi_plus_gutenberg_text_before_share":"","sfsi_plus_gutenberg_show_text_before_share":"","sfsi_plus_gutenberg_icon_type":"","sfsi_plus_gutenberg_icon_alignemt":"","sfsi_plus_gutenburg_max_per_row":"","footnotes":""},"categories":[16],"tags":[],"class_list":["post-110222","post","type-post","status-publish","format-standard","has-post-thumbnail","hentry","category-saude"],"_links":{"self":[{"href":"https:\/\/www.caririemacao.com\/1\/wp-json\/wp\/v2\/posts\/110222","targetHints":{"allow":["GET"]}}],"collection":[{"href":"https:\/\/www.caririemacao.com\/1\/wp-json\/wp\/v2\/posts"}],"about":[{"href":"https:\/\/www.caririemacao.com\/1\/wp-json\/wp\/v2\/types\/post"}],"author":[{"embeddable":true,"href":"https:\/\/www.caririemacao.com\/1\/wp-json\/wp\/v2\/users\/1"}],"replies":[{"embeddable":true,"href":"https:\/\/www.caririemacao.com\/1\/wp-json\/wp\/v2\/comments?post=110222"}],"version-history":[{"count":1,"href":"https:\/\/www.caririemacao.com\/1\/wp-json\/wp\/v2\/posts\/110222\/revisions"}],"predecessor-version":[{"id":110224,"href":"https:\/\/www.caririemacao.com\/1\/wp-json\/wp\/v2\/posts\/110222\/revisions\/110224"}],"wp:featuredmedia":[{"embeddable":true,"href":"https:\/\/www.caririemacao.com\/1\/wp-json\/wp\/v2\/media\/110223"}],"wp:attachment":[{"href":"https:\/\/www.caririemacao.com\/1\/wp-json\/wp\/v2\/media?parent=110222"}],"wp:term":[{"taxonomy":"category","embeddable":true,"href":"https:\/\/www.caririemacao.com\/1\/wp-json\/wp\/v2\/categories?post=110222"},{"taxonomy":"post_tag","embeddable":true,"href":"https:\/\/www.caririemacao.com\/1\/wp-json\/wp\/v2\/tags?post=110222"}],"curies":[{"name":"wp","href":"https:\/\/api.w.org\/{rel}","templated":true}]}}