{"id":110246,"date":"2019-08-14T13:43:26","date_gmt":"2019-08-14T16:43:26","guid":{"rendered":"http:\/\/www.caririemacao.com\/1\/?p=110246"},"modified":"2019-08-14T13:43:26","modified_gmt":"2019-08-14T16:43:26","slug":"de-volta-ao-nordeste-bolsonaro-fala-em-varrer-turma-vermelha-no-pais","status":"publish","type":"post","link":"https:\/\/www.caririemacao.com\/1\/2019\/08\/14\/de-volta-ao-nordeste-bolsonaro-fala-em-varrer-turma-vermelha-no-pais\/","title":{"rendered":"De volta ao Nordeste, Bolsonaro fala em \u2018varrer turma vermelha\u2019 no pa\u00eds"},"content":{"rendered":"\n<p>Em discurso na cidade de Parna\u00edba (PI), onde visita para inaugurar uma escola que leva o seu nome, o presidente Jair Bolsonaro (PSL) falou em \u201cvarrer\u201d a oposi\u00e7\u00e3o nas pr\u00f3ximas elei\u00e7\u00f5es.<\/p>\n\n\n\n<p>\u201cNas pr\u00f3ximas elei\u00e7\u00f5es, vamos varrer essa turma vermelha no Brasil. J\u00e1 que a Venezuela est\u00e1 bom, vamos mandar essa cambada para l\u00e1. Quem quiser ir um pouquinho mais para o Norte, vai at\u00e9 Cuba.\u201d<\/p>\n\n\n\n<p>Tamb\u00e9m para atacar a oposi\u00e7\u00e3o, o presidente voltou a usar de suas refer\u00eancias escatol\u00f3gicas. \u201cVamos acabar com o coc\u00f4 no Brasil\u201d, disse, ao falar dos \u201ccorruptos\u201d e \u201ccomunistas\u201d.<\/p>\n\n\n\n<p>A cidade \u00e9 a segunda maior do Piau\u00ed e \u00e9 administrada pelo ex-senador M\u00e3o Santa, aliado de Bolsonaro. O presidente foi recebido no aeroporto da cidade em clima de com\u00edcio eleitoral.<\/p>\n\n\n\n<p>Bolsonaro tamb\u00e9m recebeu o t\u00edtulo de cidad\u00e3o parnaibano, em uma solenidade restrita no aeroporto e participar\u00e1 da inaugura\u00e7\u00e3o de uma avenida com o nome do ex-presidente Jo\u00e3o Figueiredo, o \u00faltimo a governar o pa\u00eds durante a ditadura, entre 1979 e 1985.<br><\/p>\n\n\n\n<p>A unidade escolar \u00e9 gerida pelo Sesc e ter\u00e1 padr\u00e3o militar. Uma das disciplinas ser\u00e1 a de educa\u00e7\u00e3o moral e c\u00edvica, usada oficilmente no curr\u00edculo durante a ditadura militar.<br>Embora Lei 6.454\/1977 vede a atribui\u00e7\u00e3o de nomes de pessoas vivas a bens p\u00fablicos, a escolha do nome n\u00e3o viola a legisla\u00e7\u00e3o porque o col\u00e9gio \u00e9 mantido por uma institui\u00e7\u00e3o privada.<\/p>\n\n\n\n<p>\u201cComo o Sesc \u00e9 uma institui\u00e7\u00e3o privada, do Sistema S, mantida por seus patronos, ela n\u00e3o se baliza pelas regras do direito administrativo\u201d, explica M\u00f4nica Sapucaia Machado, advogada e professora da Escola de Direito do Brasil (EDB).<\/p>\n\n\n\n<p>A ida de Bolsonaro ao Piau\u00ed ser\u00e1 a terceira ao Nordeste em um m\u00eas. Nas \u00faltimas semanas, ele participou da inaugura\u00e7\u00e3o do aeroporto de Vit\u00f3ria da Conquista (BA) e da primeira etapa de uma usina solar flutuante em Sobradinho, tamb\u00e9m na Bahia.<\/p>\n\n\n\n<p>O aceno ao eleitorado nordestino ocorre ap\u00f3s o epis\u00f3dio envolvendo um \u00e1udio vazado duranta caf\u00e9 da manh\u00e3 com jornalistas estrangeiros, em que ele se referiu \u00e0 regi\u00e3o como \u201cpara\u00edba\u201d.<\/p>\n","protected":false},"excerpt":{"rendered":"<p>Em discurso na cidade de Parna\u00edba (PI), onde visita para inaugurar uma escola que leva o seu nome, o presidente Jair Bolsonaro (PSL) falou em&hellip; <\/p>\n","protected":false},"author":1,"featured_media":110247,"comment_status":"closed","ping_status":"closed","sticky":false,"template":"","format":"standard","meta":{"sfsi_plus_gutenberg_text_before_share":"","sfsi_plus_gutenberg_show_text_before_share":"","sfsi_plus_gutenberg_icon_type":"","sfsi_plus_gutenberg_icon_alignemt":"","sfsi_plus_gutenburg_max_per_row":"","footnotes":""},"categories":[11],"tags":[],"class_list":["post-110246","post","type-post","status-publish","format-standard","has-post-thumbnail","hentry","category-politica"],"_links":{"self":[{"href":"https:\/\/www.caririemacao.com\/1\/wp-json\/wp\/v2\/posts\/110246","targetHints":{"allow":["GET"]}}],"collection":[{"href":"https:\/\/www.caririemacao.com\/1\/wp-json\/wp\/v2\/posts"}],"about":[{"href":"https:\/\/www.caririemacao.com\/1\/wp-json\/wp\/v2\/types\/post"}],"author":[{"embeddable":true,"href":"https:\/\/www.caririemacao.com\/1\/wp-json\/wp\/v2\/users\/1"}],"replies":[{"embeddable":true,"href":"https:\/\/www.caririemacao.com\/1\/wp-json\/wp\/v2\/comments?post=110246"}],"version-history":[{"count":1,"href":"https:\/\/www.caririemacao.com\/1\/wp-json\/wp\/v2\/posts\/110246\/revisions"}],"predecessor-version":[{"id":110248,"href":"https:\/\/www.caririemacao.com\/1\/wp-json\/wp\/v2\/posts\/110246\/revisions\/110248"}],"wp:featuredmedia":[{"embeddable":true,"href":"https:\/\/www.caririemacao.com\/1\/wp-json\/wp\/v2\/media\/110247"}],"wp:attachment":[{"href":"https:\/\/www.caririemacao.com\/1\/wp-json\/wp\/v2\/media?parent=110246"}],"wp:term":[{"taxonomy":"category","embeddable":true,"href":"https:\/\/www.caririemacao.com\/1\/wp-json\/wp\/v2\/categories?post=110246"},{"taxonomy":"post_tag","embeddable":true,"href":"https:\/\/www.caririemacao.com\/1\/wp-json\/wp\/v2\/tags?post=110246"}],"curies":[{"name":"wp","href":"https:\/\/api.w.org\/{rel}","templated":true}]}}