{"id":110252,"date":"2019-08-14T13:53:52","date_gmt":"2019-08-14T16:53:52","guid":{"rendered":"http:\/\/www.caririemacao.com\/1\/?p=110252"},"modified":"2019-08-14T13:53:52","modified_gmt":"2019-08-14T16:53:52","slug":"centro-de-atendimento-as-mulheres-do-cariri-debate-acoes-de-enfrentamento-a-violencia-contra-a-mulher","status":"publish","type":"post","link":"https:\/\/www.caririemacao.com\/1\/2019\/08\/14\/centro-de-atendimento-as-mulheres-do-cariri-debate-acoes-de-enfrentamento-a-violencia-contra-a-mulher\/","title":{"rendered":"Centro de Atendimento \u00e0s Mulheres do Cariri debate a\u00e7\u00f5es de enfrentamento \u00e0 viol\u00eancia contra a mulher"},"content":{"rendered":"\n<figure class=\"wp-block-image\"><a href=\"http:\/\/www.sume.pb.gov.br\/wp-content\/uploads\/2019\/08\/4ee95fad-66f9-4e85-b360-7734785f7ebe-300x200.jpg\"><img decoding=\"async\" data-src=\"https:\/\/lh5.googleusercontent.com\/proxy\/MB6elXbRc8l2n5aEuP4xSC7LpwyLilnGOQQ-fNJwY8K-V2mJbvfGrAHLfOg997d6yoGBhV7o0cBiSgqtQWeeN-yQUUfRfyJWqMsoZ2Ob2h8p2DBdpo84ThJ-v4WxqqaepQ8-V3IpRJRKUF5UIKkIjv2VnCF3S65emQ=s0-d\" alt=\"\" src=\"data:image\/svg+xml;base64,PHN2ZyB3aWR0aD0iMSIgaGVpZ2h0PSIxIiB4bWxucz0iaHR0cDovL3d3dy53My5vcmcvMjAwMC9zdmciPjwvc3ZnPg==\" class=\"lazyload\" \/><\/a><\/figure>\n\n\n\n<p>Na \u00faltima nesta ter\u00e7a-feira (13), o Centro Intermunicipal de Atendimento as Mulheres do Cariri, promoveu em encontro com representantes dos munic\u00edpios que fazem parte do Cons\u00f3rcio Intermunicipal de Sa\u00fade do Cariri com o objetivo de articular a\u00e7\u00f5es estrat\u00e9gicas em conjunto com os munic\u00edpios e governo estadual para o enfrentamento a viol\u00eancia contra as mulheres na regi\u00e3o do Cariri.&nbsp;&nbsp;&nbsp;<\/p>\n\n\n\n<figure class=\"wp-block-image\"><a href=\"http:\/\/www.sume.pb.gov.br\/wp-content\/uploads\/2019\/08\/6f15256a-8692-4097-813e-be6e3055723d-300x200.jpg\"><img decoding=\"async\" data-src=\"https:\/\/lh4.googleusercontent.com\/proxy\/qOBO5cIlz5N1Pyas-kQG0woD8tJcfL8L7NOPol5K1wjqF6UFLh3YjYPsUveVqwWA__q0fRZefXI-E33pDXYhBAj_3v2dPhW8uNeOX3iUub_upylWuEWW_hN7YB3CAGDhiulWt7_7qq69UiFRo_6kZBwYNKh1mdmbLQ=s0-d\" alt=\"\" src=\"data:image\/svg+xml;base64,PHN2ZyB3aWR0aD0iMSIgaGVpZ2h0PSIxIiB4bWxucz0iaHR0cDovL3d3dy53My5vcmcvMjAwMC9zdmciPjwvc3ZnPg==\" class=\"lazyload\" \/><\/a><\/figure>\n\n\n\n<p>Estiveram participando da reuni\u00e3o profissionais do Centro da Mulher, o presidente do Cisco e prefeito de S\u00e3o Jos\u00e9 dos Cordeiros, Jefferson Roberto, o prefeito de Sum\u00e9, \u00c9den Duarte e a secret\u00e1ria de Estado da Secretaria da Mulher e da Diversidade Humana, Gilberta Santos Soares.&nbsp;<br>O debate levantou uma discuss\u00e3o sobre as a\u00e7\u00f5es a serem desenvolvidas na regi\u00e3o para o enfrentamento da viol\u00eancia contra a mulher e o empenho de todos os profissionais para o fortalecimento dos servi\u00e7os que atendem e acompanham demandas relativas \u00e0s mulheres em situa\u00e7\u00e3o de risco.<\/p>\n","protected":false},"excerpt":{"rendered":"<p>Na \u00faltima nesta ter\u00e7a-feira (13), o Centro Intermunicipal de Atendimento as Mulheres do Cariri, promoveu em encontro com representantes dos munic\u00edpios que fazem parte do&hellip; <\/p>\n","protected":false},"author":1,"featured_media":110253,"comment_status":"closed","ping_status":"closed","sticky":false,"template":"","format":"standard","meta":{"sfsi_plus_gutenberg_text_before_share":"","sfsi_plus_gutenberg_show_text_before_share":"","sfsi_plus_gutenberg_icon_type":"","sfsi_plus_gutenberg_icon_alignemt":"","sfsi_plus_gutenburg_max_per_row":"","footnotes":""},"categories":[50,2],"tags":[],"class_list":["post-110252","post","type-post","status-publish","format-standard","has-post-thumbnail","hentry","category-destaque","category-geral"],"_links":{"self":[{"href":"https:\/\/www.caririemacao.com\/1\/wp-json\/wp\/v2\/posts\/110252","targetHints":{"allow":["GET"]}}],"collection":[{"href":"https:\/\/www.caririemacao.com\/1\/wp-json\/wp\/v2\/posts"}],"about":[{"href":"https:\/\/www.caririemacao.com\/1\/wp-json\/wp\/v2\/types\/post"}],"author":[{"embeddable":true,"href":"https:\/\/www.caririemacao.com\/1\/wp-json\/wp\/v2\/users\/1"}],"replies":[{"embeddable":true,"href":"https:\/\/www.caririemacao.com\/1\/wp-json\/wp\/v2\/comments?post=110252"}],"version-history":[{"count":1,"href":"https:\/\/www.caririemacao.com\/1\/wp-json\/wp\/v2\/posts\/110252\/revisions"}],"predecessor-version":[{"id":110254,"href":"https:\/\/www.caririemacao.com\/1\/wp-json\/wp\/v2\/posts\/110252\/revisions\/110254"}],"wp:featuredmedia":[{"embeddable":true,"href":"https:\/\/www.caririemacao.com\/1\/wp-json\/wp\/v2\/media\/110253"}],"wp:attachment":[{"href":"https:\/\/www.caririemacao.com\/1\/wp-json\/wp\/v2\/media?parent=110252"}],"wp:term":[{"taxonomy":"category","embeddable":true,"href":"https:\/\/www.caririemacao.com\/1\/wp-json\/wp\/v2\/categories?post=110252"},{"taxonomy":"post_tag","embeddable":true,"href":"https:\/\/www.caririemacao.com\/1\/wp-json\/wp\/v2\/tags?post=110252"}],"curies":[{"name":"wp","href":"https:\/\/api.w.org\/{rel}","templated":true}]}}