{"id":110260,"date":"2019-08-14T13:57:46","date_gmt":"2019-08-14T16:57:46","guid":{"rendered":"http:\/\/www.caririemacao.com\/1\/?p=110260"},"modified":"2019-08-14T13:57:46","modified_gmt":"2019-08-14T16:57:46","slug":"professor-kiel-sostenes-e-aprovado-mais-uma-vez-no-gira-mundo-e-vai-representar-novamente-camalau-em-israel","status":"publish","type":"post","link":"https:\/\/www.caririemacao.com\/1\/2019\/08\/14\/professor-kiel-sostenes-e-aprovado-mais-uma-vez-no-gira-mundo-e-vai-representar-novamente-camalau-em-israel\/","title":{"rendered":"Professor Kiel S\u00f3stenes \u00e9 aprovado mais uma vez no GIRA MUNDO e vai representar novamente Camala\u00fa em Israel"},"content":{"rendered":"\n<p>O professor da ESCOLA CIDAD\u00c3 EM TEMPO INTEGRAL&nbsp;&nbsp;PEDRO BEZERRA FILHO Ezequiel S\u00f3stenes, o Kiel que tamb\u00e9m \u00e9 vice-prefeito de Camala\u00fa-PB, teve um projeto seu aprovado em primeiro lugar no Programa Gira Mundo Israel Energias Renov\u00e1veis.<br>Pela segunda vez, o professor foi selecionado por meio dessa pol\u00edtica p\u00fablica do Governo do Estado da Para\u00edba, pois j\u00e1 no ano passado esteve durante 30 dias fazendo uma forma\u00e7\u00e3o no Kibbut Lotan, sul de Israel.<br>O projeto do professor Ezequiel S\u00f3stenes (Kiel), visa trabalhar com o Dessalinizador Solar para produ\u00e7\u00e3o de \u00e1gua pot\u00e1vel em escolas p\u00fablicas.<br>Este projeto ser\u00e1 apreciado e aprimorado por uma equipe t\u00e9cnica do Kibbutz Ketura, especializada em energias sustent\u00e1veis.<br>&#8220;Miss\u00e3o dada, miss\u00e3o cumprida. Mais uma vez estaremos nas terras do Oriente compartilhando viv\u00eancias e experi\u00eancias na uni\u00e3o de tribos com um passado em comum. Levarei orgulhosamente a bandeira do nosso munic\u00edpio para ilustrar com as cores da nossa terra a consuma\u00e7\u00e3o das profecias do nosso hino municipal\u201d, disse o professor Kiel.<br>\u201cDediquei muitas horas de estudos e de trabalho, abdiquei de muitos prazeres, me fiz ausente em muitos momentos entre amigos e familiares&#8230; tudo isso para honrar as oportunidades que o Pai Celestial introduz em meu caminho\u201d, acrescentou.<br>\u201cEnquanto camalauense, serei um na representa\u00e7\u00e3o de milhares que anseiam pelo desenvolvimento sustent\u00e1vel da nossa regi\u00e3o. Enquanto paraibanos, aumentaremos a nossa equipe e iremos como soldados Tabajaras e Cariris para mais uma miss\u00e3o. Quero agradecer pelo apoio constante dos meus familiares, professores, alunos, agricultores, amigos, colegas de trabalho e equipe do Gira Mundo, pois sem eles, nada do que foi feito seria realiza\u00e7\u00e3o\u201d, finalizou Kiel.<\/p>\n","protected":false},"excerpt":{"rendered":"<p>O professor da ESCOLA CIDAD\u00c3 EM TEMPO INTEGRAL&nbsp;&nbsp;PEDRO BEZERRA FILHO Ezequiel S\u00f3stenes, o Kiel que tamb\u00e9m \u00e9 vice-prefeito de Camala\u00fa-PB, teve um projeto seu aprovado&hellip; <\/p>\n","protected":false},"author":1,"featured_media":110261,"comment_status":"closed","ping_status":"closed","sticky":false,"template":"","format":"standard","meta":{"sfsi_plus_gutenberg_text_before_share":"","sfsi_plus_gutenberg_show_text_before_share":"","sfsi_plus_gutenberg_icon_type":"","sfsi_plus_gutenberg_icon_alignemt":"","sfsi_plus_gutenburg_max_per_row":"","footnotes":""},"categories":[2],"tags":[],"class_list":["post-110260","post","type-post","status-publish","format-standard","has-post-thumbnail","hentry","category-geral"],"_links":{"self":[{"href":"https:\/\/www.caririemacao.com\/1\/wp-json\/wp\/v2\/posts\/110260","targetHints":{"allow":["GET"]}}],"collection":[{"href":"https:\/\/www.caririemacao.com\/1\/wp-json\/wp\/v2\/posts"}],"about":[{"href":"https:\/\/www.caririemacao.com\/1\/wp-json\/wp\/v2\/types\/post"}],"author":[{"embeddable":true,"href":"https:\/\/www.caririemacao.com\/1\/wp-json\/wp\/v2\/users\/1"}],"replies":[{"embeddable":true,"href":"https:\/\/www.caririemacao.com\/1\/wp-json\/wp\/v2\/comments?post=110260"}],"version-history":[{"count":1,"href":"https:\/\/www.caririemacao.com\/1\/wp-json\/wp\/v2\/posts\/110260\/revisions"}],"predecessor-version":[{"id":110262,"href":"https:\/\/www.caririemacao.com\/1\/wp-json\/wp\/v2\/posts\/110260\/revisions\/110262"}],"wp:featuredmedia":[{"embeddable":true,"href":"https:\/\/www.caririemacao.com\/1\/wp-json\/wp\/v2\/media\/110261"}],"wp:attachment":[{"href":"https:\/\/www.caririemacao.com\/1\/wp-json\/wp\/v2\/media?parent=110260"}],"wp:term":[{"taxonomy":"category","embeddable":true,"href":"https:\/\/www.caririemacao.com\/1\/wp-json\/wp\/v2\/categories?post=110260"},{"taxonomy":"post_tag","embeddable":true,"href":"https:\/\/www.caririemacao.com\/1\/wp-json\/wp\/v2\/tags?post=110260"}],"curies":[{"name":"wp","href":"https:\/\/api.w.org\/{rel}","templated":true}]}}