{"id":110265,"date":"2019-08-14T14:02:35","date_gmt":"2019-08-14T17:02:35","guid":{"rendered":"http:\/\/www.caririemacao.com\/1\/?p=110265"},"modified":"2019-08-14T14:02:35","modified_gmt":"2019-08-14T17:02:35","slug":"mp-aceita-pedido-do-treze-e-recomenda-torcida-unica-no-classico-tradicao","status":"publish","type":"post","link":"https:\/\/www.caririemacao.com\/1\/2019\/08\/14\/mp-aceita-pedido-do-treze-e-recomenda-torcida-unica-no-classico-tradicao\/","title":{"rendered":"MP aceita pedido do Treze e recomenda torcida \u00fanica no Cl\u00e1ssico Tradi\u00e7\u00e3o"},"content":{"rendered":"\n<p> O minist\u00e9rio P\u00fablico da Para\u00edba (MPPB), atrav\u00e9s da Comiss\u00e3o Permanente de Preven\u00e7\u00e3o e Combate \u00e0 Viol\u00eancia nos Est\u00e1dios, recomendou, ontem, que a partida Treze x Botafogo-PB, v\u00e1lida pela \u00faltima rodada da fase de grupos da S\u00e9rie C, aconte\u00e7a com a presen\u00e7a apenas da torcida da equipe mandante.<\/p>\n\n\n\n<p>O segundo Cl\u00e1ssico Tradi\u00e7\u00e3o da temporada, que pode valer a perman\u00eancia do Galo na Terceirona ou a classifica\u00e7\u00e3o do Belo ao mata-mata do acesso, est\u00e1 marcado para o s\u00e1bado, dia 24, \u00e0s 17h, no Amig\u00e3o.<\/p>\n\n\n\n<figure class=\"wp-block-image\"><img decoding=\"async\" data-src=\"https:\/\/paraibaonline.com.br\/wp-content\/uploads\/2019\/02\/VALBERTO-LIRA1.jpg\" alt=\"Foto: Reprodu\u00e7\u00e3o \/ TV Cabo Branco\" class=\"wp-image-578878 lazyload\" src=\"data:image\/svg+xml;base64,PHN2ZyB3aWR0aD0iMSIgaGVpZ2h0PSIxIiB4bWxucz0iaHR0cDovL3d3dy53My5vcmcvMjAwMC9zdmciPjwvc3ZnPg==\" \/><\/figure>\n\n\n\n<p>Foto: Reprodu\u00e7\u00e3o \/ TV Cabo Branco<\/p>\n\n\n\n<p>A informa\u00e7\u00e3o foi confirmada pelo presidente da Comiss\u00e3o, o procurador Valberto Lira. Ele revelou que a solicita\u00e7\u00e3o partiu da diretoria do Treze e que foi aprovada ap\u00f3s an\u00e1lise por parte dos membros do referido \u00f3rg\u00e3o.<\/p>\n\n\n\n<p>\u2013 A solicita\u00e7\u00e3o foi feita pela diretoria do Treze. N\u00f3s submetemos o que eles alegaram como motivo e o entendimento da comiss\u00e3o \u00e9 para recomendar que o jogo aconte\u00e7a apenas com a presen\u00e7a de uma torcida, no caso a do Treze, que \u00e9 o mandante \u2013 comentou o procurador.<\/p>\n\n\n\n<p><strong>PV ou Amig\u00e3o?<\/strong><\/p>\n\n\n\n<p>A diretoria do Treze apresentou outra solicita\u00e7\u00e3o ao Minist\u00e9rio P\u00fablico da Para\u00edba: a chancela para transfer\u00eancia do cl\u00e1ssico do Amig\u00e3o para o est\u00e1dio Presidente Vargas.<\/p>\n\n\n\n<p>Nesse caso, o pedido alvinegro foi negado pelo MP e a decisiva partida vai acontecer mesmo no est\u00e1dio Amig\u00e3o.<\/p>\n","protected":false},"excerpt":{"rendered":"<p>O minist\u00e9rio P\u00fablico da Para\u00edba (MPPB), atrav\u00e9s da Comiss\u00e3o Permanente de Preven\u00e7\u00e3o e Combate \u00e0 Viol\u00eancia nos Est\u00e1dios, recomendou, ontem, que a partida Treze x&hellip; <\/p>\n","protected":false},"author":1,"featured_media":109829,"comment_status":"closed","ping_status":"closed","sticky":false,"template":"","format":"standard","meta":{"sfsi_plus_gutenberg_text_before_share":"","sfsi_plus_gutenberg_show_text_before_share":"","sfsi_plus_gutenberg_icon_type":"","sfsi_plus_gutenberg_icon_alignemt":"","sfsi_plus_gutenburg_max_per_row":"","footnotes":""},"categories":[13],"tags":[],"class_list":["post-110265","post","type-post","status-publish","format-standard","has-post-thumbnail","hentry","category-esportes"],"_links":{"self":[{"href":"https:\/\/www.caririemacao.com\/1\/wp-json\/wp\/v2\/posts\/110265","targetHints":{"allow":["GET"]}}],"collection":[{"href":"https:\/\/www.caririemacao.com\/1\/wp-json\/wp\/v2\/posts"}],"about":[{"href":"https:\/\/www.caririemacao.com\/1\/wp-json\/wp\/v2\/types\/post"}],"author":[{"embeddable":true,"href":"https:\/\/www.caririemacao.com\/1\/wp-json\/wp\/v2\/users\/1"}],"replies":[{"embeddable":true,"href":"https:\/\/www.caririemacao.com\/1\/wp-json\/wp\/v2\/comments?post=110265"}],"version-history":[{"count":1,"href":"https:\/\/www.caririemacao.com\/1\/wp-json\/wp\/v2\/posts\/110265\/revisions"}],"predecessor-version":[{"id":110266,"href":"https:\/\/www.caririemacao.com\/1\/wp-json\/wp\/v2\/posts\/110265\/revisions\/110266"}],"wp:featuredmedia":[{"embeddable":true,"href":"https:\/\/www.caririemacao.com\/1\/wp-json\/wp\/v2\/media\/109829"}],"wp:attachment":[{"href":"https:\/\/www.caririemacao.com\/1\/wp-json\/wp\/v2\/media?parent=110265"}],"wp:term":[{"taxonomy":"category","embeddable":true,"href":"https:\/\/www.caririemacao.com\/1\/wp-json\/wp\/v2\/categories?post=110265"},{"taxonomy":"post_tag","embeddable":true,"href":"https:\/\/www.caririemacao.com\/1\/wp-json\/wp\/v2\/tags?post=110265"}],"curies":[{"name":"wp","href":"https:\/\/api.w.org\/{rel}","templated":true}]}}