{"id":110272,"date":"2019-08-14T16:44:12","date_gmt":"2019-08-14T19:44:12","guid":{"rendered":"http:\/\/www.caririemacao.com\/1\/?p=110272"},"modified":"2019-08-14T16:44:12","modified_gmt":"2019-08-14T19:44:12","slug":"crise-deixa-17-estados-sem-selo-do-governo-de-bom-pagador","status":"publish","type":"post","link":"https:\/\/www.caririemacao.com\/1\/2019\/08\/14\/crise-deixa-17-estados-sem-selo-do-governo-de-bom-pagador\/","title":{"rendered":"Crise deixa 17 estados sem selo do governo de bom pagador"},"content":{"rendered":"\n<p>A crise fiscal que atinge os governos regionais fez com que, neste ano, 17 estados n\u00e3o tenham direito a uma esp\u00e9cie de selo de bom pagador emitido pelo governo federal. Sem essa certifica\u00e7\u00e3o, os governadores n\u00e3o t\u00eam direito a fazer empr\u00e9stimos com garantia da Uni\u00e3o.<\/p>\n\n\n\n<p>Relat\u00f3rio do Tesouro Nacional divulgado nesta quarta-feira (14) aponta ainda que outros seis entes que hoje possuem essa prerrogativa correm risco de perd\u00ea-la j\u00e1 no ano que vem.<\/p>\n\n\n\n<p>A partir da avalia\u00e7\u00e3o das finan\u00e7as estaduais, com an\u00e1lise de itens das receitas e despesas e levando em conta limites estabelecidos pela lei, o Tesouro emite a chamada nota da Capag (capacidade de pagamento).<\/p>\n\n\n\n<p>Estados com notas A e B podem contrair empr\u00e9stimos de bancos e outras entidades com garantia da Uni\u00e3o. O aval do governo federal viabiliza opera\u00e7\u00f5es a juros mais baixos.<\/p>\n\n\n\n<p>Por outro lado, estados com notas C e D, pelo elevado risco de n\u00e3o honrarem suas d\u00edvidas, n\u00e3o ganham o mesmo benef\u00edcio.<\/p>\n\n\n\n<p>De acordo com o relat\u00f3rio divulgado nesta quarta, o \u00fanico estado com nota A \u00e9 o Esp\u00edrito Santo.<\/p>\n\n\n\n<p>Dos nove estados com nota B, seis deles -Acre, Par\u00e1, Para\u00edba, Piau\u00ed, Paran\u00e1 e S\u00e3o Paulo- apresentam chances altas de rebaixamento.<\/p>\n\n\n\n<p>\u201cPara esses Estados, faz-se necess\u00e1rio esfor\u00e7o maior em aumentar a receita e cortar gastos\u201d, diz o documento.<\/p>\n\n\n\n<p>Em rela\u00e7\u00e3o ao ano passado, o \u00fanico estado que melhorou a nota foi o Piau\u00ed, que passou de C para B. Outros dois, Amap\u00e1 e Rond\u00f4nia, ca\u00edram de B para C.<\/p>\n\n\n\n<p>As piores avalia\u00e7\u00f5es est\u00e3o com Minas Gerais, Rio de Janeiro e Rio Grande do Sul, os tr\u00eas com nota D.<\/p>\n\n\n\n<p>Os tr\u00eas estados passam por grave crise. O Rio de Janeiro j\u00e1 aderiu ao regime de recupera\u00e7\u00e3o fiscal, programa que permite uma suspens\u00e3o de pagamento da d\u00edvida com a Uni\u00e3o em troca de medidas de ajuste.<\/p>\n\n\n\n<p>Minas e Rio Grande do Sul ainda negociam com o governo para tamb\u00e9m aderirem ao programa.<\/p>\n\n\n\n<p>O Tesouro ressaltou que a inclus\u00e3o de estados e munic\u00edpios na reforma da Previd\u00eancia \u00e9 \u201cfundamental\u201d para a retomada do equil\u00edbrio fiscal dos entes.<\/p>\n\n\n\n<p>Originalmente, os governos regionais integravam a proposta do governo, mas acabaram sendo retirados do texto que j\u00e1 foi aprovado em dois turnos pela C\u00e2mara dos Deputados.<\/p>\n\n\n\n<p>Agora, discute-se a inclus\u00e3o de estados e munic\u00edpios numa PEC (Proposta de Emenda \u00e0 Constitui\u00e7\u00e3o) paralela, de modo a n\u00e3o atrasar a vota\u00e7\u00e3o da reforma no Senado.<\/p>\n\n\n\n<p>Segundo o relat\u00f3rio desta quarta-feira, o custo do regime de Previd\u00eancia para os Tesouros estaduais, de acordo com a metodologia do Programa de Reestrutura\u00e7\u00e3o e Ajuste Fiscal (PAF), chegou a R$ 101,3 bilh\u00f5es em 2018, alta de 8% sobre 2017 e R$ 20,48 bilh\u00f5es acima dos n\u00fameros apresentados pelos pr\u00f3prios estados em seus Relat\u00f3rios Resumidos de Execu\u00e7\u00e3o Or\u00e7ament\u00e1ria.<\/p>\n","protected":false},"excerpt":{"rendered":"<p>A crise fiscal que atinge os governos regionais fez com que, neste ano, 17 estados n\u00e3o tenham direito a uma esp\u00e9cie de selo de bom&hellip; <\/p>\n","protected":false},"author":1,"featured_media":102869,"comment_status":"closed","ping_status":"closed","sticky":false,"template":"","format":"standard","meta":{"sfsi_plus_gutenberg_text_before_share":"","sfsi_plus_gutenberg_show_text_before_share":"","sfsi_plus_gutenberg_icon_type":"","sfsi_plus_gutenberg_icon_alignemt":"","sfsi_plus_gutenburg_max_per_row":"","footnotes":""},"categories":[11],"tags":[],"class_list":["post-110272","post","type-post","status-publish","format-standard","has-post-thumbnail","hentry","category-politica"],"_links":{"self":[{"href":"https:\/\/www.caririemacao.com\/1\/wp-json\/wp\/v2\/posts\/110272","targetHints":{"allow":["GET"]}}],"collection":[{"href":"https:\/\/www.caririemacao.com\/1\/wp-json\/wp\/v2\/posts"}],"about":[{"href":"https:\/\/www.caririemacao.com\/1\/wp-json\/wp\/v2\/types\/post"}],"author":[{"embeddable":true,"href":"https:\/\/www.caririemacao.com\/1\/wp-json\/wp\/v2\/users\/1"}],"replies":[{"embeddable":true,"href":"https:\/\/www.caririemacao.com\/1\/wp-json\/wp\/v2\/comments?post=110272"}],"version-history":[{"count":1,"href":"https:\/\/www.caririemacao.com\/1\/wp-json\/wp\/v2\/posts\/110272\/revisions"}],"predecessor-version":[{"id":110273,"href":"https:\/\/www.caririemacao.com\/1\/wp-json\/wp\/v2\/posts\/110272\/revisions\/110273"}],"wp:featuredmedia":[{"embeddable":true,"href":"https:\/\/www.caririemacao.com\/1\/wp-json\/wp\/v2\/media\/102869"}],"wp:attachment":[{"href":"https:\/\/www.caririemacao.com\/1\/wp-json\/wp\/v2\/media?parent=110272"}],"wp:term":[{"taxonomy":"category","embeddable":true,"href":"https:\/\/www.caririemacao.com\/1\/wp-json\/wp\/v2\/categories?post=110272"},{"taxonomy":"post_tag","embeddable":true,"href":"https:\/\/www.caririemacao.com\/1\/wp-json\/wp\/v2\/tags?post=110272"}],"curies":[{"name":"wp","href":"https:\/\/api.w.org\/{rel}","templated":true}]}}