{"id":110280,"date":"2019-08-14T16:52:50","date_gmt":"2019-08-14T19:52:50","guid":{"rendered":"http:\/\/www.caririemacao.com\/1\/?p=110280"},"modified":"2019-08-14T16:52:50","modified_gmt":"2019-08-14T19:52:50","slug":"prefeitura-de-monteiro-abre-programacao-alusiva-ao-mes-da-juventude","status":"publish","type":"post","link":"https:\/\/www.caririemacao.com\/1\/2019\/08\/14\/prefeitura-de-monteiro-abre-programacao-alusiva-ao-mes-da-juventude\/","title":{"rendered":"Prefeitura de Monteiro abre programa\u00e7\u00e3o alusiva ao m\u00eas da Juventude"},"content":{"rendered":"\n<p>A Prefeitura Municipal de Monteiro, atrav\u00e9s da Secretaria de Desenvolvimento Social, promover\u00e1 o \u2018M\u00eas da Juventude\u2019, com uma programa\u00e7\u00e3o que envolve informa\u00e7\u00e3o, cultura, e presta\u00e7\u00e3o de servi\u00e7os. A Programa\u00e7\u00e3o, ser\u00e1 aberta nesta quarta-feira, 14, as 9 horas, no IFPB, e reunir\u00e1 estudante de todas as escolas da zona urbana e rural.<br>Durante o m\u00eas de agosto, t\u00e9cnicos da Secretaria de Desenvolvimento Social, promover\u00e3o oficinas com diversas tem\u00e1ticas que ser\u00e3o discutidas nas escolas.<br>No dia 20, haver\u00e1 o \u2018DIA D\u2019 da Juventude, com uma feira de servi\u00e7os exclusiva para os jovens, com emiss\u00e3o de documenta\u00e7\u00e3o, ID Jovem, Sine, al\u00e9m de outros servi\u00e7os da Prefeitura de Monteiro e Governo do Estado.<br>Encerrando a programa\u00e7\u00e3o, dia 31 haver\u00e1 o \u2018Show de Talentos\u2018, seguido da apresenta\u00e7\u00e3o do Prima, e da banda da Escola Cidad\u00e3 Jos\u00e9 Leite de Sousa. Este evento, acontecer\u00e1 a partir das 20h, na Pra\u00e7a Jo\u00e3o Pessoa.<br>O m\u00eas da juventude \u00e9 uma realiza\u00e7\u00e3o da Prefeitura Municipal de Monteiro, com apoio do Governo do Estado, atrav\u00e9s da Secretaria de Desenvolvimento Humano e Secretaria Executiva de Juventude.<\/p>\n","protected":false},"excerpt":{"rendered":"<p>A Prefeitura Municipal de Monteiro, atrav\u00e9s da Secretaria de Desenvolvimento Social, promover\u00e1 o \u2018M\u00eas da Juventude\u2019, com uma programa\u00e7\u00e3o que envolve informa\u00e7\u00e3o, cultura, e presta\u00e7\u00e3o&hellip; <\/p>\n","protected":false},"author":1,"featured_media":75242,"comment_status":"closed","ping_status":"closed","sticky":false,"template":"","format":"standard","meta":{"sfsi_plus_gutenberg_text_before_share":"","sfsi_plus_gutenberg_show_text_before_share":"","sfsi_plus_gutenberg_icon_type":"","sfsi_plus_gutenberg_icon_alignemt":"","sfsi_plus_gutenburg_max_per_row":"","footnotes":""},"categories":[6],"tags":[],"class_list":["post-110280","post","type-post","status-publish","format-standard","has-post-thumbnail","hentry","category-cidades"],"_links":{"self":[{"href":"https:\/\/www.caririemacao.com\/1\/wp-json\/wp\/v2\/posts\/110280","targetHints":{"allow":["GET"]}}],"collection":[{"href":"https:\/\/www.caririemacao.com\/1\/wp-json\/wp\/v2\/posts"}],"about":[{"href":"https:\/\/www.caririemacao.com\/1\/wp-json\/wp\/v2\/types\/post"}],"author":[{"embeddable":true,"href":"https:\/\/www.caririemacao.com\/1\/wp-json\/wp\/v2\/users\/1"}],"replies":[{"embeddable":true,"href":"https:\/\/www.caririemacao.com\/1\/wp-json\/wp\/v2\/comments?post=110280"}],"version-history":[{"count":1,"href":"https:\/\/www.caririemacao.com\/1\/wp-json\/wp\/v2\/posts\/110280\/revisions"}],"predecessor-version":[{"id":110281,"href":"https:\/\/www.caririemacao.com\/1\/wp-json\/wp\/v2\/posts\/110280\/revisions\/110281"}],"wp:featuredmedia":[{"embeddable":true,"href":"https:\/\/www.caririemacao.com\/1\/wp-json\/wp\/v2\/media\/75242"}],"wp:attachment":[{"href":"https:\/\/www.caririemacao.com\/1\/wp-json\/wp\/v2\/media?parent=110280"}],"wp:term":[{"taxonomy":"category","embeddable":true,"href":"https:\/\/www.caririemacao.com\/1\/wp-json\/wp\/v2\/categories?post=110280"},{"taxonomy":"post_tag","embeddable":true,"href":"https:\/\/www.caririemacao.com\/1\/wp-json\/wp\/v2\/tags?post=110280"}],"curies":[{"name":"wp","href":"https:\/\/api.w.org\/{rel}","templated":true}]}}