{"id":110284,"date":"2019-08-14T16:55:00","date_gmt":"2019-08-14T19:55:00","guid":{"rendered":"http:\/\/www.caririemacao.com\/1\/?p=110284"},"modified":"2019-08-14T16:55:00","modified_gmt":"2019-08-14T19:55:00","slug":"secretaria-de-saude-de-monteiro-nega-falta-de-medicamentos-na-farmacia-basica","status":"publish","type":"post","link":"https:\/\/www.caririemacao.com\/1\/2019\/08\/14\/secretaria-de-saude-de-monteiro-nega-falta-de-medicamentos-na-farmacia-basica\/","title":{"rendered":"Secretaria de Sa\u00fade de Monteiro nega falta de medicamentos na Farm\u00e1cia B\u00e1sica"},"content":{"rendered":"\n<p>A Secretaria de Sa\u00fade de Monteiro, atrav\u00e9s da secret\u00e1ria Ana Paula Oliveira, negou nesta quarta-feira (14), que esteja faltando medicamentos na farm\u00e1cia b\u00e1sica do munic\u00edpio.<\/p>\n\n\n\n<p>Segundo a secret\u00e1ria Ana Paula, a Farm\u00e1cia B\u00e1sica de Monteiro encontra-se bem assistida, com medicamentos para o tratamento de diversas doen\u00e7as, e esclareceu que den\u00fancia trazida por um site da oposi\u00e7\u00e3o, dizendo que falta dipirona na farm\u00e1cia, \u00e9 uma inverdade.<\/p>\n\n\n\n<p>\u201c\u00c9 not\u00e1vel que o medicamento dipirona, que \u00e9 apresentado na receita, \u00e9 o de 1 grama. A mesma n\u00e3o encontra-se na Rela\u00e7\u00e3o de Medicamentos Essenciais dispon\u00edveis pelo SUS, sendo assim n\u00e3o \u00e9 de compet\u00eancia Municipal, disponibilizar ao paciente, como afirma a mat\u00e9ria, visto que temos a dipirona de 500 mg na apresenta\u00e7\u00e3o de comprimido e gotas, podendo ser comprovado na portaria N 1.897, de 26 de Julho de 2017 e na RENAME, que determina as compet\u00eancias de compra de medicamentos atribu\u00eddas a cada \u00f3rg\u00e3o.\u201d, esclareceu a secret\u00e1ria.<\/p>\n\n\n\n<p>A secret\u00e1ria de Sa\u00fade ainda disse que a farm\u00e1cia encontra-se abastecida com dipirona de 500 mg e todos os outros medicamentos essenciais dispon\u00edveis pelo SUS, e lamentou a dissemina\u00e7\u00e3o de informa\u00e7\u00f5es falsas com o intuito apenas de denegrir a imagem da gest\u00e3o.<\/p>\n","protected":false},"excerpt":{"rendered":"<p>A Secretaria de Sa\u00fade de Monteiro, atrav\u00e9s da secret\u00e1ria Ana Paula Oliveira, negou nesta quarta-feira (14), que esteja faltando medicamentos na farm\u00e1cia b\u00e1sica do munic\u00edpio.&hellip; <\/p>\n","protected":false},"author":1,"featured_media":110285,"comment_status":"closed","ping_status":"closed","sticky":false,"template":"","format":"standard","meta":{"sfsi_plus_gutenberg_text_before_share":"","sfsi_plus_gutenberg_show_text_before_share":"","sfsi_plus_gutenberg_icon_type":"","sfsi_plus_gutenberg_icon_alignemt":"","sfsi_plus_gutenburg_max_per_row":"","footnotes":""},"categories":[50,16],"tags":[],"class_list":["post-110284","post","type-post","status-publish","format-standard","has-post-thumbnail","hentry","category-destaque","category-saude"],"_links":{"self":[{"href":"https:\/\/www.caririemacao.com\/1\/wp-json\/wp\/v2\/posts\/110284","targetHints":{"allow":["GET"]}}],"collection":[{"href":"https:\/\/www.caririemacao.com\/1\/wp-json\/wp\/v2\/posts"}],"about":[{"href":"https:\/\/www.caririemacao.com\/1\/wp-json\/wp\/v2\/types\/post"}],"author":[{"embeddable":true,"href":"https:\/\/www.caririemacao.com\/1\/wp-json\/wp\/v2\/users\/1"}],"replies":[{"embeddable":true,"href":"https:\/\/www.caririemacao.com\/1\/wp-json\/wp\/v2\/comments?post=110284"}],"version-history":[{"count":1,"href":"https:\/\/www.caririemacao.com\/1\/wp-json\/wp\/v2\/posts\/110284\/revisions"}],"predecessor-version":[{"id":110286,"href":"https:\/\/www.caririemacao.com\/1\/wp-json\/wp\/v2\/posts\/110284\/revisions\/110286"}],"wp:featuredmedia":[{"embeddable":true,"href":"https:\/\/www.caririemacao.com\/1\/wp-json\/wp\/v2\/media\/110285"}],"wp:attachment":[{"href":"https:\/\/www.caririemacao.com\/1\/wp-json\/wp\/v2\/media?parent=110284"}],"wp:term":[{"taxonomy":"category","embeddable":true,"href":"https:\/\/www.caririemacao.com\/1\/wp-json\/wp\/v2\/categories?post=110284"},{"taxonomy":"post_tag","embeddable":true,"href":"https:\/\/www.caririemacao.com\/1\/wp-json\/wp\/v2\/tags?post=110284"}],"curies":[{"name":"wp","href":"https:\/\/api.w.org\/{rel}","templated":true}]}}