{"id":110292,"date":"2019-08-14T17:01:14","date_gmt":"2019-08-14T20:01:14","guid":{"rendered":"http:\/\/www.caririemacao.com\/1\/?p=110292"},"modified":"2019-08-14T17:01:14","modified_gmt":"2019-08-14T20:01:14","slug":"estudante-da-rede-municipal-de-sume-e-campeao-de-judo-nos-jogos-escolares-da-paraiba","status":"publish","type":"post","link":"https:\/\/www.caririemacao.com\/1\/2019\/08\/14\/estudante-da-rede-municipal-de-sume-e-campeao-de-judo-nos-jogos-escolares-da-paraiba\/","title":{"rendered":"Estudante da rede municipal de Sum\u00e9 \u00e9 campe\u00e3o de jud\u00f4 nos Jogos Escolares da Para\u00edba"},"content":{"rendered":"\n<p>O estudante do 4\u00b0 ano da Escola Maria Leite Rafael, Victor Kayky foi campe\u00e3o paraibano de jud\u00f4 nos Jogos Escolares e Paraescolares da Para\u00edba, que acontece em Jo\u00e3o Pessoa. A competi\u00e7\u00e3o envolve alunos-atletas das institui\u00e7\u00f5es de ensino p\u00fablicas e particulares.<\/p>\n\n\n\n<p>Com a vit\u00f3ria, Victor se classificou para representar a Para\u00edba na etapa nacional, nos Jogos Escolares da Juventude que ser\u00e1 realizado em Santa Catarina.<\/p>\n\n\n\n<p>Outros alunos da rede municipal de ensino de Sum\u00e9 e que fazem parte do Projeto Ol\u00edmpico do Cariri tamb\u00e9m ganharam medalhas na etapa estadual. Foram eles:<\/p>\n\n\n\n<p>\u2013 Joaquim Ricardo (Escola Agrot\u00e9cnica): 2\u00b0 lugar;<\/p>\n\n\n\n<p>\u2013 Igor Alc\u00e2ntara (Escola Presidente Vargas): 2\u00b0 lugar;<\/p>\n\n\n\n<div class=\"wp-block-image\"><figure class=\"alignleft\"><img decoding=\"async\" data-src=\"https:\/\/i2.wp.com\/www.vitrinedocariri.com.br\/wp-content\/uploads\/2019\/08\/68618866_2938890889516330_4235537781985640448_n.jpg?zoom=2&amp;resize=330%2C450&amp;ssl=1\" alt=\"\" class=\"wp-image-50691 lazyload\" src=\"data:image\/svg+xml;base64,PHN2ZyB3aWR0aD0iMSIgaGVpZ2h0PSIxIiB4bWxucz0iaHR0cDovL3d3dy53My5vcmcvMjAwMC9zdmciPjwvc3ZnPg==\" \/><\/figure><\/div>\n\n\n\n<p>\u2013 Mateus Bispo (Escola Presidente Vargas): 3\u00b0 lugar;<\/p>\n\n\n\n<p>\u2013 Pedro Ant\u00f4nio (Escola Jos\u00e9 Gon\u00e7alves de Queiroz): 3\u00b0 lugar.<\/p>\n\n\n\n<p>A aluna do 7\u00b0 ano da Escola Municipal Padre Paulo Roberto, Edmylla Mariana, participou dos jogos escolares da Para\u00edba, na modalidade esportiva Atletismo, na prova dos 250m rasos da categoria A. Ela ficou com a quarta coloca\u00e7\u00e3o geral.<\/p>\n\n\n\n<p>O atleta Carlos William da Silva Freitas, tamb\u00e9m se classificou para os Jogos Escolares da Juventude, em Santa Catarina.<\/p>\n","protected":false},"excerpt":{"rendered":"<p>O estudante do 4\u00b0 ano da Escola Maria Leite Rafael, Victor Kayky foi campe\u00e3o paraibano de jud\u00f4 nos Jogos Escolares e Paraescolares da Para\u00edba, que&hellip; <\/p>\n","protected":false},"author":1,"featured_media":110293,"comment_status":"closed","ping_status":"closed","sticky":false,"template":"","format":"standard","meta":{"sfsi_plus_gutenberg_text_before_share":"","sfsi_plus_gutenberg_show_text_before_share":"","sfsi_plus_gutenberg_icon_type":"","sfsi_plus_gutenberg_icon_alignemt":"","sfsi_plus_gutenburg_max_per_row":"","footnotes":""},"categories":[50,14],"tags":[],"class_list":["post-110292","post","type-post","status-publish","format-standard","has-post-thumbnail","hentry","category-destaque","category-educacao"],"_links":{"self":[{"href":"https:\/\/www.caririemacao.com\/1\/wp-json\/wp\/v2\/posts\/110292","targetHints":{"allow":["GET"]}}],"collection":[{"href":"https:\/\/www.caririemacao.com\/1\/wp-json\/wp\/v2\/posts"}],"about":[{"href":"https:\/\/www.caririemacao.com\/1\/wp-json\/wp\/v2\/types\/post"}],"author":[{"embeddable":true,"href":"https:\/\/www.caririemacao.com\/1\/wp-json\/wp\/v2\/users\/1"}],"replies":[{"embeddable":true,"href":"https:\/\/www.caririemacao.com\/1\/wp-json\/wp\/v2\/comments?post=110292"}],"version-history":[{"count":1,"href":"https:\/\/www.caririemacao.com\/1\/wp-json\/wp\/v2\/posts\/110292\/revisions"}],"predecessor-version":[{"id":110294,"href":"https:\/\/www.caririemacao.com\/1\/wp-json\/wp\/v2\/posts\/110292\/revisions\/110294"}],"wp:featuredmedia":[{"embeddable":true,"href":"https:\/\/www.caririemacao.com\/1\/wp-json\/wp\/v2\/media\/110293"}],"wp:attachment":[{"href":"https:\/\/www.caririemacao.com\/1\/wp-json\/wp\/v2\/media?parent=110292"}],"wp:term":[{"taxonomy":"category","embeddable":true,"href":"https:\/\/www.caririemacao.com\/1\/wp-json\/wp\/v2\/categories?post=110292"},{"taxonomy":"post_tag","embeddable":true,"href":"https:\/\/www.caririemacao.com\/1\/wp-json\/wp\/v2\/tags?post=110292"}],"curies":[{"name":"wp","href":"https:\/\/api.w.org\/{rel}","templated":true}]}}