{"id":110297,"date":"2019-08-14T17:04:44","date_gmt":"2019-08-14T20:04:44","guid":{"rendered":"http:\/\/www.caririemacao.com\/1\/?p=110297"},"modified":"2019-08-14T17:04:44","modified_gmt":"2019-08-14T20:04:44","slug":"senadores-da-paraiba-se-dividem-para-votacao-na-reforma-da-previdencia","status":"publish","type":"post","link":"https:\/\/www.caririemacao.com\/1\/2019\/08\/14\/senadores-da-paraiba-se-dividem-para-votacao-na-reforma-da-previdencia\/","title":{"rendered":"Senadores da Para\u00edba se dividem para vota\u00e7\u00e3o na reforma da Previd\u00eancia"},"content":{"rendered":"\n<p>De acordo com o \u2018Estado de S. Paulo\u2019, 53 senadores disseram que aprovar\u00e3o \u00e0 reforma da Previd\u00eancia, que come\u00e7ou a tramitar na CCJ (Comiss\u00e3o de Constitui\u00e7\u00e3o e Justi\u00e7a) da Casa. Ser\u00e3o necess\u00e1rios, pelo menos, 49 votos.<\/p>\n\n\n\n<p>Dos paraibanos, o senador Jos\u00e9 Maranh\u00e3o (MDB) disse que aprovar\u00e1 a favor, mas defende mudan\u00e7as no texto; Veneziano Vital (PSB) vota contra, como recomenda o PSB; enquanto Daniella Ribeiro (PP) n\u00e3o quis responder.<\/p>\n\n\n\n<p>A PEC (proposta de emenda \u00e0 Constitui\u00e7\u00e3o) da Previd\u00eancia come\u00e7ou a tramitar no Senado, nesta quarta-feira (14), com a aprova\u00e7\u00e3o, na CCJ (Comiss\u00e3o de Constitui\u00e7\u00e3o e Justi\u00e7a) de requerimentos de audi\u00eancias p\u00fablicas com especialistas e outras pessoas ligadas ao tema. Os encontros acontecer\u00e3o entre segunda-feira (19) e quinta-feira (22).<\/p>\n\n\n\n<p><em>Com Mais PB<\/em><\/p>\n","protected":false},"excerpt":{"rendered":"<p>De acordo com o \u2018Estado de S. Paulo\u2019, 53 senadores disseram que aprovar\u00e3o \u00e0 reforma da Previd\u00eancia, que come\u00e7ou a tramitar na CCJ (Comiss\u00e3o de&hellip; <\/p>\n","protected":false},"author":1,"featured_media":110298,"comment_status":"closed","ping_status":"closed","sticky":false,"template":"","format":"standard","meta":{"sfsi_plus_gutenberg_text_before_share":"","sfsi_plus_gutenberg_show_text_before_share":"","sfsi_plus_gutenberg_icon_type":"","sfsi_plus_gutenberg_icon_alignemt":"","sfsi_plus_gutenburg_max_per_row":"","footnotes":""},"categories":[11],"tags":[],"class_list":["post-110297","post","type-post","status-publish","format-standard","has-post-thumbnail","hentry","category-politica"],"_links":{"self":[{"href":"https:\/\/www.caririemacao.com\/1\/wp-json\/wp\/v2\/posts\/110297","targetHints":{"allow":["GET"]}}],"collection":[{"href":"https:\/\/www.caririemacao.com\/1\/wp-json\/wp\/v2\/posts"}],"about":[{"href":"https:\/\/www.caririemacao.com\/1\/wp-json\/wp\/v2\/types\/post"}],"author":[{"embeddable":true,"href":"https:\/\/www.caririemacao.com\/1\/wp-json\/wp\/v2\/users\/1"}],"replies":[{"embeddable":true,"href":"https:\/\/www.caririemacao.com\/1\/wp-json\/wp\/v2\/comments?post=110297"}],"version-history":[{"count":1,"href":"https:\/\/www.caririemacao.com\/1\/wp-json\/wp\/v2\/posts\/110297\/revisions"}],"predecessor-version":[{"id":110299,"href":"https:\/\/www.caririemacao.com\/1\/wp-json\/wp\/v2\/posts\/110297\/revisions\/110299"}],"wp:featuredmedia":[{"embeddable":true,"href":"https:\/\/www.caririemacao.com\/1\/wp-json\/wp\/v2\/media\/110298"}],"wp:attachment":[{"href":"https:\/\/www.caririemacao.com\/1\/wp-json\/wp\/v2\/media?parent=110297"}],"wp:term":[{"taxonomy":"category","embeddable":true,"href":"https:\/\/www.caririemacao.com\/1\/wp-json\/wp\/v2\/categories?post=110297"},{"taxonomy":"post_tag","embeddable":true,"href":"https:\/\/www.caririemacao.com\/1\/wp-json\/wp\/v2\/tags?post=110297"}],"curies":[{"name":"wp","href":"https:\/\/api.w.org\/{rel}","templated":true}]}}