{"id":110304,"date":"2019-08-15T07:54:27","date_gmt":"2019-08-15T10:54:27","guid":{"rendered":"http:\/\/www.caririemacao.com\/1\/?p=110304"},"modified":"2019-08-15T07:54:27","modified_gmt":"2019-08-15T10:54:27","slug":"bolsonaro-diz-que-a-partir-de-segunda-feira-esta-suspenso-o-pardal-movel","status":"publish","type":"post","link":"https:\/\/www.caririemacao.com\/1\/2019\/08\/15\/bolsonaro-diz-que-a-partir-de-segunda-feira-esta-suspenso-o-pardal-movel\/","title":{"rendered":"Bolsonaro diz que a partir de segunda-feira est\u00e1 suspenso o pardal m\u00f3vel"},"content":{"rendered":"\n<p>O presidente Jair Bolsonaro disse durante sua visita no Piau\u00ed, nesta quarta-feira (14),\u00a0que a partir de segunda-feira(19), est\u00e1 suspenso o pardal m\u00f3vel em todo o pa\u00eds. O presidente afirmou que respeita a Justi\u00e7a, mas n\u00e3o entende o porqu\u00ea da insist\u00eancia em instalar os pardais.<\/p>\n\n\n\n<p>Segundo o presidente a instala\u00e7\u00e3o dos pardais \u00e9 colocar assaltante na pista.<\/p>\n\n\n\n<p>&#8220;Se instalarmos oito mil pardais no Brasil vai custar R$ 1 bilh\u00e3o para o povo, para botar assaltante na pista, para roubar voc\u00eas.&nbsp; Nao queremos pardais mais, essa \u00e9 a nossa intens\u00e3o,&nbsp; mas temos uma batalha pela frente&#8221;, finalizou Bolsonaro.&nbsp;<\/p>\n\n\n\n<figure><iframe data-src=\"https:\/\/www.youtube.com\/embed\/mUbdQxtorDg\" allowfullscreen=\"\" src=\"data:image\/svg+xml;base64,PHN2ZyB3aWR0aD0iMSIgaGVpZ2h0PSIxIiB4bWxucz0iaHR0cDovL3d3dy53My5vcmcvMjAwMC9zdmciPjwvc3ZnPg==\" class=\"lazyload\" data-load-mode=\"1\"><\/iframe><\/figure>\n","protected":false},"excerpt":{"rendered":"<p>O presidente Jair Bolsonaro disse durante sua visita no Piau\u00ed, nesta quarta-feira (14),\u00a0que a partir de segunda-feira(19), est\u00e1 suspenso o pardal m\u00f3vel em todo o&hellip; <\/p>\n","protected":false},"author":1,"featured_media":109939,"comment_status":"closed","ping_status":"closed","sticky":false,"template":"","format":"standard","meta":{"sfsi_plus_gutenberg_text_before_share":"","sfsi_plus_gutenberg_show_text_before_share":"","sfsi_plus_gutenberg_icon_type":"","sfsi_plus_gutenberg_icon_alignemt":"","sfsi_plus_gutenburg_max_per_row":"","footnotes":""},"categories":[11],"tags":[],"class_list":["post-110304","post","type-post","status-publish","format-standard","has-post-thumbnail","hentry","category-politica"],"_links":{"self":[{"href":"https:\/\/www.caririemacao.com\/1\/wp-json\/wp\/v2\/posts\/110304","targetHints":{"allow":["GET"]}}],"collection":[{"href":"https:\/\/www.caririemacao.com\/1\/wp-json\/wp\/v2\/posts"}],"about":[{"href":"https:\/\/www.caririemacao.com\/1\/wp-json\/wp\/v2\/types\/post"}],"author":[{"embeddable":true,"href":"https:\/\/www.caririemacao.com\/1\/wp-json\/wp\/v2\/users\/1"}],"replies":[{"embeddable":true,"href":"https:\/\/www.caririemacao.com\/1\/wp-json\/wp\/v2\/comments?post=110304"}],"version-history":[{"count":1,"href":"https:\/\/www.caririemacao.com\/1\/wp-json\/wp\/v2\/posts\/110304\/revisions"}],"predecessor-version":[{"id":110305,"href":"https:\/\/www.caririemacao.com\/1\/wp-json\/wp\/v2\/posts\/110304\/revisions\/110305"}],"wp:featuredmedia":[{"embeddable":true,"href":"https:\/\/www.caririemacao.com\/1\/wp-json\/wp\/v2\/media\/109939"}],"wp:attachment":[{"href":"https:\/\/www.caririemacao.com\/1\/wp-json\/wp\/v2\/media?parent=110304"}],"wp:term":[{"taxonomy":"category","embeddable":true,"href":"https:\/\/www.caririemacao.com\/1\/wp-json\/wp\/v2\/categories?post=110304"},{"taxonomy":"post_tag","embeddable":true,"href":"https:\/\/www.caririemacao.com\/1\/wp-json\/wp\/v2\/tags?post=110304"}],"curies":[{"name":"wp","href":"https:\/\/api.w.org\/{rel}","templated":true}]}}