{"id":110319,"date":"2019-08-15T08:03:13","date_gmt":"2019-08-15T11:03:13","guid":{"rendered":"http:\/\/www.caririemacao.com\/1\/?p=110319"},"modified":"2019-08-15T08:03:13","modified_gmt":"2019-08-15T11:03:13","slug":"comissao-da-oab-participa-de-debate-sobre-candidaturas-avulsas-nas-eleicoes-brasileiras","status":"publish","type":"post","link":"https:\/\/www.caririemacao.com\/1\/2019\/08\/15\/comissao-da-oab-participa-de-debate-sobre-candidaturas-avulsas-nas-eleicoes-brasileiras\/","title":{"rendered":"Comiss\u00e3o da OAB participa de debate sobre candidaturas avulsas nas elei\u00e7\u00f5es brasileiras"},"content":{"rendered":"\n<p>A\u00a0Comiss\u00e3o Especial de Estudo da Reforma Pol\u00edtica da OAB Nacional participou, nesta ter\u00e7a-feira (13), de uma audi\u00eancia p\u00fablica na Comiss\u00e3o de Constitui\u00e7\u00e3o e Justi\u00e7a e de Cidadania (CCJ) da C\u00e2mara dos Deputados sobre a possibilidade de candidaturas avulsas nas elei\u00e7\u00f5es brasileiras. Uma proposta de emenda \u00e0 Constitui\u00e7\u00e3o (PEC 229\/08) j\u00e1 tramita no parlamento sobre esse tema e foi colocada em debate.<\/p>\n\n\n\n<p>A OAB foi representada na audi\u00eancia pelo advogado Marcos Ant\u00f4nio Souto Maior Filho, membro da Comiss\u00e3o de Estudo da Reforma Pol\u00edtica. Ele apresentou aos deputados um parecer da pr\u00f3pria Comiss\u00e3o da OAB destacando os problemas que o atual projeto acaba gerando com a mudan\u00e7a da legisla\u00e7\u00e3o. Para Marcos Souto Maior, permitir as candidaturas avulsas sem a necessidade de um partido pol\u00edtico demandaria mudan\u00e7as muito mais profundas na legisla\u00e7\u00e3o.<\/p>\n\n\n\n<p>\u201c\u00c9 preciso discutir de forma t\u00e9cnica a viabilidade dessa altera\u00e7\u00e3o, uma mudan\u00e7a abrupta e que apenas altera de forma cartorial um dispositivo constitucional para permitir candidaturas independentes. Da forma como o projeto est\u00e1 \u00e9 impratic\u00e1vel, por conta de todo o sistema pol\u00edtico j\u00e1 organizado\u201d, afirmou o representante da OAB.<\/p>\n\n\n\n<p>Marcou Souto Maior explicou ainda sobre a import\u00e2ncia dos partidos pol\u00edticos na organiza\u00e7\u00e3o do parlamento. \u201cA regra nas casas legislativas observa o sistema proporcional, com maiorias e minorias, por exemplo. Para mudar isso, \u00e9 preciso debater fonte de recursos, tempo de TV e sistema de representatividade, dentre outras altera\u00e7\u00f5es necess\u00e1rias para que as candidaturas avulsas sejam efetivas\u201d, avaliou Marcos Souto Maior.<\/p>\n\n\n\n<p>A presidente da Comiss\u00e3o Especial de Estudo da Reforma Pol\u00edtica, Luciana Nepomuceno, explicou que o colegiado est\u00e1 atento aos debates legislativos e vai participar ainda de outras audi\u00eancias p\u00fablicas. \u201cA OAB participa de diversas frentes no parlamento sempre para colaborar do ponto de vista t\u00e9cnico, apresentando estudos, pareceres e contribuindo para qualificar o debate e para defender os interesses dos cidad\u00e3os\u201d, afirmou Luciana.<\/p>\n\n\n\n<p>Al\u00e9m do debate no parlamento, o Supremo Tribunal Federal (STF) tamb\u00e9m vai analisar o tema das candidaturas avulsas ainda este ano. A expectativa \u00e9 que a corte tamb\u00e9m realize audi\u00eancias p\u00fablicas antes de julgar se a regra atual, que pro\u00edbe esse tipo de candidatura, respeita o que est\u00e1 estabelecido na Constitui\u00e7\u00e3o.<\/p>\n","protected":false},"excerpt":{"rendered":"<p>A\u00a0Comiss\u00e3o Especial de Estudo da Reforma Pol\u00edtica da OAB Nacional participou, nesta ter\u00e7a-feira (13), de uma audi\u00eancia p\u00fablica na Comiss\u00e3o de Constitui\u00e7\u00e3o e Justi\u00e7a e&hellip; <\/p>\n","protected":false},"author":1,"featured_media":91973,"comment_status":"closed","ping_status":"closed","sticky":false,"template":"","format":"standard","meta":{"sfsi_plus_gutenberg_text_before_share":"","sfsi_plus_gutenberg_show_text_before_share":"","sfsi_plus_gutenberg_icon_type":"","sfsi_plus_gutenberg_icon_alignemt":"","sfsi_plus_gutenburg_max_per_row":"","footnotes":""},"categories":[11],"tags":[],"class_list":["post-110319","post","type-post","status-publish","format-standard","has-post-thumbnail","hentry","category-politica"],"_links":{"self":[{"href":"https:\/\/www.caririemacao.com\/1\/wp-json\/wp\/v2\/posts\/110319","targetHints":{"allow":["GET"]}}],"collection":[{"href":"https:\/\/www.caririemacao.com\/1\/wp-json\/wp\/v2\/posts"}],"about":[{"href":"https:\/\/www.caririemacao.com\/1\/wp-json\/wp\/v2\/types\/post"}],"author":[{"embeddable":true,"href":"https:\/\/www.caririemacao.com\/1\/wp-json\/wp\/v2\/users\/1"}],"replies":[{"embeddable":true,"href":"https:\/\/www.caririemacao.com\/1\/wp-json\/wp\/v2\/comments?post=110319"}],"version-history":[{"count":1,"href":"https:\/\/www.caririemacao.com\/1\/wp-json\/wp\/v2\/posts\/110319\/revisions"}],"predecessor-version":[{"id":110320,"href":"https:\/\/www.caririemacao.com\/1\/wp-json\/wp\/v2\/posts\/110319\/revisions\/110320"}],"wp:featuredmedia":[{"embeddable":true,"href":"https:\/\/www.caririemacao.com\/1\/wp-json\/wp\/v2\/media\/91973"}],"wp:attachment":[{"href":"https:\/\/www.caririemacao.com\/1\/wp-json\/wp\/v2\/media?parent=110319"}],"wp:term":[{"taxonomy":"category","embeddable":true,"href":"https:\/\/www.caririemacao.com\/1\/wp-json\/wp\/v2\/categories?post=110319"},{"taxonomy":"post_tag","embeddable":true,"href":"https:\/\/www.caririemacao.com\/1\/wp-json\/wp\/v2\/tags?post=110319"}],"curies":[{"name":"wp","href":"https:\/\/api.w.org\/{rel}","templated":true}]}}