{"id":110323,"date":"2019-08-15T08:06:27","date_gmt":"2019-08-15T11:06:27","guid":{"rendered":"http:\/\/www.caririemacao.com\/1\/?p=110323"},"modified":"2019-08-15T08:06:27","modified_gmt":"2019-08-15T11:06:27","slug":"maduro-acusa-ex-presidente-colombiano-de-plano-para-assassina-lo","status":"publish","type":"post","link":"https:\/\/www.caririemacao.com\/1\/2019\/08\/15\/maduro-acusa-ex-presidente-colombiano-de-plano-para-assassina-lo\/","title":{"rendered":"Maduro acusa ex-presidente colombiano de plano para assassin\u00e1-lo"},"content":{"rendered":"\n<p><br>O presidente da Venezuela, Nicol\u00e1s Maduro, acusou o ex-chefe de Estado colombiano \u00c1lvaro Uribe de liderar um plano para matar os l\u00edderes venezuelanos e que prev\u00ea a entrada na pa\u00eds de 32 mercen\u00e1rios.<\/p>\n\n\n\n<p>&#8220;Tomei conhecimento de um plano dirigido por \u00c1lvaro Uribe, com a participa\u00e7\u00e3o do embaixador colombiano nos Estados Unidos, Francisco Santos, de entrada na Venezuela de 32 mercen\u00e1rios para tentar assassinar-me e assassinar os l\u00edderes da revolu\u00e7\u00e3o&#8221;, acusou Maduro nessa quarta-feira (14).<\/p>\n\n\n\n<p>Para ele, na Col\u00f4mbia &#8220;est\u00e3o aterrorizados com a revolu\u00e7\u00e3o chavista bolivariana&#8221; e \u00e9 por isso planejam o ataque.<\/p>\n\n\n\n<p>Em 4 de agosto, o presidente venezuelano foi alvo de um atentado frustrado, em que foram usados drones [avi\u00e3o n\u00e3o tripulado] durante uma cerim\u00f4nia militar.<\/p>\n\n\n\n<p>Segundo as autoridades venezuelanas, foi uma tentativa de ataque dirigida a partir de Washington, com a participa\u00e7\u00e3o da Col\u00f4mbia, o que Bogot\u00e1 desmentiu.<\/p>\n\n\n\n<p>Maduro j\u00e1 denunciou cerca de 30 planos contra ele, desde que assumiu a presid\u00eancia da Venezuela em 2013.<\/p>\n\n\n\n<p>A crise pol\u00edtica, econ\u00f3mica e social venezuelana agravou-se no fim de janeiro deste ano, depois de o presidente do Parlamento (onde a oposi\u00e7\u00e3o det\u00e9m a maioria), Juan Guaid\u00f3, ter se proclamado presidente interino do pa\u00eds.<\/p>\n\n\n\n<p>A oposi\u00e7\u00e3o, que conta com o apoio de mais de 50 pa\u00edses, defende que para resolver a crise Maduro deve ser afastado do poder, designado um governo de transi\u00e7\u00e3o e convocadas elei\u00e7\u00f5es livres e transparentes.<\/p>\n\n\n\n<p>Mais de 4 milh\u00f5es de venezuelanos abandonaram o pa\u00eds desde 2015, de acordo com dados da Organiza\u00e7\u00e3o das Na\u00e7\u00f5es Unidas (ONU).<\/p>\n","protected":false},"excerpt":{"rendered":"<p>O presidente da Venezuela, Nicol\u00e1s Maduro, acusou o ex-chefe de Estado colombiano \u00c1lvaro Uribe de liderar um plano para matar os l\u00edderes venezuelanos e que&hellip; <\/p>\n","protected":false},"author":1,"featured_media":110324,"comment_status":"closed","ping_status":"closed","sticky":false,"template":"","format":"standard","meta":{"sfsi_plus_gutenberg_text_before_share":"","sfsi_plus_gutenberg_show_text_before_share":"","sfsi_plus_gutenberg_icon_type":"","sfsi_plus_gutenberg_icon_alignemt":"","sfsi_plus_gutenburg_max_per_row":"","footnotes":""},"categories":[2],"tags":[],"class_list":["post-110323","post","type-post","status-publish","format-standard","has-post-thumbnail","hentry","category-geral"],"_links":{"self":[{"href":"https:\/\/www.caririemacao.com\/1\/wp-json\/wp\/v2\/posts\/110323","targetHints":{"allow":["GET"]}}],"collection":[{"href":"https:\/\/www.caririemacao.com\/1\/wp-json\/wp\/v2\/posts"}],"about":[{"href":"https:\/\/www.caririemacao.com\/1\/wp-json\/wp\/v2\/types\/post"}],"author":[{"embeddable":true,"href":"https:\/\/www.caririemacao.com\/1\/wp-json\/wp\/v2\/users\/1"}],"replies":[{"embeddable":true,"href":"https:\/\/www.caririemacao.com\/1\/wp-json\/wp\/v2\/comments?post=110323"}],"version-history":[{"count":1,"href":"https:\/\/www.caririemacao.com\/1\/wp-json\/wp\/v2\/posts\/110323\/revisions"}],"predecessor-version":[{"id":110325,"href":"https:\/\/www.caririemacao.com\/1\/wp-json\/wp\/v2\/posts\/110323\/revisions\/110325"}],"wp:featuredmedia":[{"embeddable":true,"href":"https:\/\/www.caririemacao.com\/1\/wp-json\/wp\/v2\/media\/110324"}],"wp:attachment":[{"href":"https:\/\/www.caririemacao.com\/1\/wp-json\/wp\/v2\/media?parent=110323"}],"wp:term":[{"taxonomy":"category","embeddable":true,"href":"https:\/\/www.caririemacao.com\/1\/wp-json\/wp\/v2\/categories?post=110323"},{"taxonomy":"post_tag","embeddable":true,"href":"https:\/\/www.caririemacao.com\/1\/wp-json\/wp\/v2\/tags?post=110323"}],"curies":[{"name":"wp","href":"https:\/\/api.w.org\/{rel}","templated":true}]}}