{"id":110340,"date":"2019-08-15T08:15:18","date_gmt":"2019-08-15T11:15:18","guid":{"rendered":"http:\/\/www.caririemacao.com\/1\/?p=110340"},"modified":"2019-08-15T08:15:18","modified_gmt":"2019-08-15T11:15:18","slug":"empresas-ampliam-faturamento-em-ate-15-com-programa-de-capacitacao","status":"publish","type":"post","link":"https:\/\/www.caririemacao.com\/1\/2019\/08\/15\/empresas-ampliam-faturamento-em-ate-15-com-programa-de-capacitacao\/","title":{"rendered":"Empresas ampliam faturamento em at\u00e9 15% com programa de capacita\u00e7\u00e3o"},"content":{"rendered":"\n<p>O ateli\u00ea de bijuterias de L\u00facia Bastos nasceu de uma voca\u00e7\u00e3o natural. Aos 21 anos de idade, a alagoana come\u00e7ou a produzir brincos e colares em casa e, de forma despretensiosa, passou a vender as pe\u00e7as para amigos e conhecidos. Hoje, aos 32 anos de idade, L\u00facia que \u00e9 formada em administra\u00e7\u00e3o, tem uma pequena f\u00e1brica em Macei\u00f3 (Alagoas) com produ\u00e7\u00e3o reconhecida de brincos, an\u00e9is, colares e, mais recentemente, sand\u00e1lias.<\/p>\n\n\n\n<p>Com forma\u00e7\u00e3o t\u00e9cnica em design de joias, Lucia \u00e9 respons\u00e1vel por todo o desenho das pe\u00e7as de seu ateli\u00ea. A partir deles, sua equipe de 30 funcion\u00e1rios trabalha na produ\u00e7\u00e3o, no controle de qualidade e nas vendas das bijuterias.<\/p>\n\n\n\n<p>Com o desejo de melhorar a qualidade de sua produ\u00e7\u00e3o e alavancar seu neg\u00f3cio, o ateli\u00ea L\u00facia Bastos \u00e9 um dos participantes do atual ciclo do Programa de Apoio \u00e0 Competitividade das Micro e Pequenas Ind\u00fastrias (Procompi) em Alagoas. O programa, uma parceria da Confedera\u00e7\u00e3o Nacional da Ind\u00fastria (CNI) com o Servi\u00e7o Brasileiro de Apoio \u00e0s Micro e Pequenas Empresas (Sebrae), capacita empresas industriais de pequeno porte para que elas elevem a produtividade e a efici\u00eancia de seus neg\u00f3cios e tem como o objetivo de fortalecer micro e pequenas ind\u00fastrias em todo o Brasil.<\/p>\n\n\n\n<h2 class=\"wp-block-heading\">Programa atende 2,2 mil micro e pequenas ind\u00fastrias<\/h2>\n\n\n\n<p>Sete em cada 10 empresas atendidas pela atual edi\u00e7\u00e3o do Programa de Apoio \u00e0 Competitividade das Micro e Pequenas Ind\u00fastrias (Procompi) afirmam ter implementado novos processos, ofertado novos produtos ou servi\u00e7os ou aperfei\u00e7oado os que j\u00e1 possuem por meio das a\u00e7\u00f5es do programa. Os dados constam de balan\u00e7o parcial da 5\u00aa edi\u00e7\u00e3o do Procompi, que come\u00e7ou em junho de 2016 e vai at\u00e9 2020.<\/p>\n\n\n\n<p>Ao todo, no atual ciclo do programa, 2.277 empresas s\u00e3o beneficiadas por meio de 117 projetos. Essas empresas representam 19 segmentos industriais e est\u00e3o distribu\u00eddas entre 22 estados brasileiros. At\u00e9 agora, 927 empresas conclu\u00edram os projetos e responderam ao balan\u00e7o parcial.<\/p>\n\n\n\n<p>De acordo com esse balan\u00e7o, 677 empresas implementaram a\u00e7\u00f5es de inova\u00e7\u00e3o ao longo do programa. Outras 535, de meio ambiente. Dentro do conjunto de empresas, 144 participaram de a\u00e7\u00f5es voltadas especificamente para a redu\u00e7\u00e3o de seu custo de produ\u00e7\u00e3o e o resultado tamb\u00e9m foi positivo: com redu\u00e7\u00e3o m\u00e9dia de 34% nesse custo.<\/p>\n\n\n\n<p>Os dados ser\u00e3o apresentados durante o 4\u00ba Encontro Nacional de Gestores do Procompi, que ser\u00e1 realizado nesta quinta-feira (15) e amanh\u00e3 em Macei\u00f3 (AL). Durante o evento, gestores do programa v\u00e3o apresentar resultados, discutir melhorias e os pr\u00f3ximos passos do conv\u00eanio.<\/p>\n\n\n\n<p>O gerente-executivo de Pol\u00edtica Industrial da CNI, Jo\u00e3o Em\u00edlio Gon\u00e7alves, afirma que o diferencial do Procompi \u00e9 atender a demandas personalizadas das empresas, com o objetivo de ampliar sua competitividade. O gerente-executivo ressalta que, no atual cen\u00e1rio econ\u00f4mico, as micro e pequenas ind\u00fastrias que participam do Procompi estar\u00e3o preparadas para aproveitar as oportunidades que ser\u00e3o abertas com a retomada do crescimento econ\u00f4mico.<\/p>\n\n\n\n<p>\u201cDurante o encontro de gestores, vamos discutir tend\u00eancias do setor das micro e pequenas ind\u00fastrias e do mercado para que a pr\u00f3xima edi\u00e7\u00e3o do programa contribua para o crescimento desse segmento\u201d, afirma Gon\u00e7alves.<\/p>\n\n\n\n<h2 class=\"wp-block-heading\">Investimento<\/h2>\n\n\n\n<p>A atual edi\u00e7\u00e3o do Procompi investe R$ 1,3 milh\u00e3o no desenvolvimento de seis projetos, totalizando 104 empresas beneficiadas em Alagoas. A m\u00e9dia de investimento \u00e9 de R$ 12,9 mil por empresa. Esses projetos s\u00e3o desenvolvidos por meio de uma parceria entre Federa\u00e7\u00e3o das Ind\u00fastrias do Estado do Alagoas (Fiea) e o Sebrae-AL.<\/p>\n\n\n\n<p>A empresa de L\u00facia Bastos \u00e9 atendida especificamente pelo projeto voltado para o desenvolvimento de micro e pequenas ind\u00fastria do setor t\u00eaxtil da regi\u00e3o metropolitana de Macei\u00f3 e do Agreste Alagoano. Dentro desse projeto, ao todo, 17 confec\u00e7\u00f5es s\u00e3o beneficiadas com consultorias que buscam n\u00e3o apenas ampliar sua competitividade no mercado, mas estimular a coopera\u00e7\u00e3o entre elas, permitindo que o setor se organize como um todo.<\/p>\n\n\n\n<p>Os empres\u00e1rios alagoanos do setor passaram por consultorias sobre neg\u00f3cios; adequa\u00e7\u00e3o de maquinas e equipamentos; tratamento de res\u00edduos; modelagem; balanceamento do fluxo de produ\u00e7\u00e3o; gest\u00e3o financeira; gest\u00e3o da inova\u00e7\u00e3o; gest\u00e3o empresarial; e sa\u00fade e seguran\u00e7a no trabalho.<\/p>\n\n\n\n<p>Em termos de produtividade, o conjunto de empresas atendidas pelo projeto na \u00e1rea t\u00eaxtil relatou um crescimento de 41,67%. Em termos de resultados qualitativos, percebeu-se a cria\u00e7\u00e3o de uma cultura em torno da seguran\u00e7a do trabalho, o que promoveu benef\u00edcios dentro e fora das empresas.<\/p>\n\n\n\n<h2 class=\"wp-block-heading\">Faturamento<\/h2>\n\n\n\n<p>Segundo o presidente do Sindicato das Ind\u00fastrias do Vestu\u00e1rio, da Confec\u00e7\u00e3o de Roupas \u00cdntimas e da Fabrica\u00e7\u00e3o de Bijuterias e de Joalheria do Estado de Alagoas (Sindivest), Francisco Acioli, o impacto atinge n\u00e3o apenas a capital, mas tamb\u00e9m o interior. De acordo com ele, as empresas que participam do projeto aumentam o seu faturamento entre 10% e 15% e ampliam sua carteira de clientes.<\/p>\n\n\n\n<p>\u201cO associado mudou sua vis\u00e3o de neg\u00f3cios. Vemos isso em Macei\u00f3, em Palmeira dos \u00cdndios, em Murici. \u00c9 uma transforma\u00e7\u00e3o da mentalidade empresarial, com valoriza\u00e7\u00e3o profissional, humaniza\u00e7\u00e3o das equipes. Os neg\u00f3cios est\u00e3o ganhando espa\u00e7o fora de Alagoas tamb\u00e9m, j\u00e1 que hoje algumas dessas empresas fazem neg\u00f3cios com Pernambuco, por exemplo\u201d, afirma Acioli.<\/p>\n","protected":false},"excerpt":{"rendered":"<p>O ateli\u00ea de bijuterias de L\u00facia Bastos nasceu de uma voca\u00e7\u00e3o natural. Aos 21 anos de idade, a alagoana come\u00e7ou a produzir brincos e colares&hellip; <\/p>\n","protected":false},"author":1,"featured_media":15492,"comment_status":"closed","ping_status":"closed","sticky":false,"template":"","format":"standard","meta":{"sfsi_plus_gutenberg_text_before_share":"","sfsi_plus_gutenberg_show_text_before_share":"","sfsi_plus_gutenberg_icon_type":"","sfsi_plus_gutenberg_icon_alignemt":"","sfsi_plus_gutenburg_max_per_row":"","footnotes":""},"categories":[2],"tags":[],"class_list":["post-110340","post","type-post","status-publish","format-standard","has-post-thumbnail","hentry","category-geral"],"_links":{"self":[{"href":"https:\/\/www.caririemacao.com\/1\/wp-json\/wp\/v2\/posts\/110340","targetHints":{"allow":["GET"]}}],"collection":[{"href":"https:\/\/www.caririemacao.com\/1\/wp-json\/wp\/v2\/posts"}],"about":[{"href":"https:\/\/www.caririemacao.com\/1\/wp-json\/wp\/v2\/types\/post"}],"author":[{"embeddable":true,"href":"https:\/\/www.caririemacao.com\/1\/wp-json\/wp\/v2\/users\/1"}],"replies":[{"embeddable":true,"href":"https:\/\/www.caririemacao.com\/1\/wp-json\/wp\/v2\/comments?post=110340"}],"version-history":[{"count":1,"href":"https:\/\/www.caririemacao.com\/1\/wp-json\/wp\/v2\/posts\/110340\/revisions"}],"predecessor-version":[{"id":110341,"href":"https:\/\/www.caririemacao.com\/1\/wp-json\/wp\/v2\/posts\/110340\/revisions\/110341"}],"wp:featuredmedia":[{"embeddable":true,"href":"https:\/\/www.caririemacao.com\/1\/wp-json\/wp\/v2\/media\/15492"}],"wp:attachment":[{"href":"https:\/\/www.caririemacao.com\/1\/wp-json\/wp\/v2\/media?parent=110340"}],"wp:term":[{"taxonomy":"category","embeddable":true,"href":"https:\/\/www.caririemacao.com\/1\/wp-json\/wp\/v2\/categories?post=110340"},{"taxonomy":"post_tag","embeddable":true,"href":"https:\/\/www.caririemacao.com\/1\/wp-json\/wp\/v2\/tags?post=110340"}],"curies":[{"name":"wp","href":"https:\/\/api.w.org\/{rel}","templated":true}]}}