{"id":110353,"date":"2019-08-15T09:42:39","date_gmt":"2019-08-15T12:42:39","guid":{"rendered":"http:\/\/www.caririemacao.com\/1\/?p=110353"},"modified":"2019-08-15T09:42:39","modified_gmt":"2019-08-15T12:42:39","slug":"cagepa-promove-acao-educativa-com-criancas-da-lbv-no-dia-de-combate-a-poluicao","status":"publish","type":"post","link":"https:\/\/www.caririemacao.com\/1\/2019\/08\/15\/cagepa-promove-acao-educativa-com-criancas-da-lbv-no-dia-de-combate-a-poluicao\/","title":{"rendered":"Cagepa promove a\u00e7\u00e3o educativa com crian\u00e7as da LBV, no Dia de Combate \u00e0 polui\u00e7\u00e3o"},"content":{"rendered":"\n<p>Nessa \u00faltima quarta-feira, 14 de agosto, dezenas de crian\u00e7as e adolescentes assistidas pela Legi\u00e3o da Boa Vontade &#8211; LBV no Bairro de Jaguaribe, foram sensibilizadas por a\u00e7\u00e3o educativa desenvolvida pela Ger\u00eancia de Meio Ambiente e Educa\u00e7\u00e3o Ambiental da Cagepa, o tema foi os cuidados para a n\u00e3o polui\u00e7\u00e3o das \u00e1guas, em refer\u00eancia ao Dia de Combate \u00e0 Polui\u00e7\u00e3o, celebrado anualmente em 14 de agosto.<\/p>\n\n\n\n<figure class=\"wp-block-image\"><img fetchpriority=\"high\" decoding=\"async\" width=\"1024\" height=\"768\" src=\"http:\/\/www.caririemacao.com\/1\/wp-content\/uploads\/2019\/08\/WhatsApp-Image-2019-08-14-at-23.07.34-1024x768.jpeg\" alt=\"\" class=\"wp-image-110354\" srcset=\"https:\/\/www.caririemacao.com\/1\/wp-content\/uploads\/2019\/08\/WhatsApp-Image-2019-08-14-at-23.07.34-1024x768.jpeg 1024w, https:\/\/www.caririemacao.com\/1\/wp-content\/uploads\/2019\/08\/WhatsApp-Image-2019-08-14-at-23.07.34-300x225.jpeg 300w, https:\/\/www.caririemacao.com\/1\/wp-content\/uploads\/2019\/08\/WhatsApp-Image-2019-08-14-at-23.07.34-768x576.jpeg 768w, https:\/\/www.caririemacao.com\/1\/wp-content\/uploads\/2019\/08\/WhatsApp-Image-2019-08-14-at-23.07.34.jpeg 1280w\" sizes=\"(max-width: 1024px) 100vw, 1024px\" \/><\/figure>\n\n\n\n<p>A a\u00e7\u00e3o educativa alertou sobre o grave problema ambiental que enfrentamos, como a falta de chuvas que provoca o racionamento de \u00e1gua, com isso, despertar mudan\u00e7as de h\u00e1bitos, como o descarte corretamente do lixo, para que n\u00e3o polua rios, mares e o uso correto da \u00e1gua, para n\u00e3o haver o desperd\u00edcio.<\/p>\n\n\n\n<figure class=\"wp-block-image\"><img decoding=\"async\" width=\"1024\" height=\"768\" data-src=\"http:\/\/www.caririemacao.com\/1\/wp-content\/uploads\/2019\/08\/WhatsApp-Image-2019-08-14-at-23.07.17-1024x768.jpeg\" alt=\"\" class=\"wp-image-110355 lazyload\" data-srcset=\"https:\/\/www.caririemacao.com\/1\/wp-content\/uploads\/2019\/08\/WhatsApp-Image-2019-08-14-at-23.07.17-1024x768.jpeg 1024w, https:\/\/www.caririemacao.com\/1\/wp-content\/uploads\/2019\/08\/WhatsApp-Image-2019-08-14-at-23.07.17-300x225.jpeg 300w, https:\/\/www.caririemacao.com\/1\/wp-content\/uploads\/2019\/08\/WhatsApp-Image-2019-08-14-at-23.07.17-768x576.jpeg 768w, https:\/\/www.caririemacao.com\/1\/wp-content\/uploads\/2019\/08\/WhatsApp-Image-2019-08-14-at-23.07.17.jpeg 1280w\" data-sizes=\"(max-width: 1024px) 100vw, 1024px\" src=\"data:image\/svg+xml;base64,PHN2ZyB3aWR0aD0iMSIgaGVpZ2h0PSIxIiB4bWxucz0iaHR0cDovL3d3dy53My5vcmcvMjAwMC9zdmciPjwvc3ZnPg==\" style=\"--smush-placeholder-width: 1024px; --smush-placeholder-aspect-ratio: 1024\/768;\" \/><\/figure>\n\n\n\n<p>Os pequenos da LBV, ficaram entusiasmados com as atividades desenvolvidas, pela Ger\u00eancia de Meio Ambiente e Educa\u00e7\u00e3o Ambiental da Cagepa, que utilizou recursos educativos como filme, jogos interativos, cartilhas e panfletos sobre o tratamento de \u00e1gua e esgoto.<\/p>\n\n\n\n<p>O menino Ant\u00f4nio Victor, 9 anos, afirmou que \u00e9 importante aprender a cuidar do planeta. \u201cN\u00e3o devemos poluir os rios, precisamos economizar \u00e1gua, consertar os vazamentos em casa, por que precisamos da natureza\u201d, disse. A menina Ana Betriz, 8 anos, ressaltou que a \u00e1gua \u00e9 vida, por isso, que se precisa saber utiliz\u00e1-la corretamente.<\/p>\n\n\n\n<p>Para a gestora administrativa da LBV, Ana Paiva, parcerias como essa com a Cagepa, empodera os assistidos da institui\u00e7\u00e3o. \u201cA a\u00e7\u00e3o \u00e9 de grande relev\u00e2ncia, as crian\u00e7as e adolescentes, aprendem e levam para o seu dia a dia. S\u00e3o pequenas a\u00e7\u00f5es que tem o poder de gerar novos comportamentos e mudan\u00e7as de h\u00e1bitos, ampliam o aprendizado para seus familiares, a fim de sensibiliz\u00e1-los do compromisso com o meio ambiente\u201d, afirmou.<\/p>\n\n\n\n<p>A LBV em Jo\u00e3o Pessoa, desenvolve servi\u00e7os de prote\u00e7\u00e3o b\u00e1sica, atrav\u00e9s do Crian\u00e7a Futuro no Presente! (crian\u00e7as e adolescentes), Viv\u00eancia Solid\u00e1ria (grupo de mulheres) e Vida Plena (idosos), na qual \u00e9 oferecida dezenas de oficinas como m\u00fasica, arte e cultura, cidadania irrestrita, dan\u00e7a, ballet, artesanato e atividades esportivas. S\u00e3o centenas de crian\u00e7as, adolescentes, mulheres, idosos e adultos, assistidos diariamente, oriundos de comunidades em situa\u00e7\u00e3o de vulnerabilidade social e de pobreza. Todo o trabalho empreendido \u00e9 mantido financeiramente com a generosidade da sociedade civil paraibana.<\/p>\n\n\n\n<p>Sua Sede est\u00e1 localizada \u00e0 Rua das Trincheiras, 703 \u2013 Jaguaribe, visite, colabore e se apaixone pelo trabalho da Legi\u00e3o da Boa Vontade na capital paraibana.<\/p>\n\n\n\n<p>Informa\u00e7\u00e3o sobre o Dia de Combate \u00e0 Polui\u00e7\u00e3o<br>\nO Dia do Combate \u00e0 Polui\u00e7\u00e3o \u00e9 comemorado em 14 de agosto e tem por objetivo alertar todas as esferas da popula\u00e7\u00e3o sobre o grave problema ambiental que enfrentamos e buscar medidas para conter a degrada\u00e7\u00e3o do nosso planeta. A polui\u00e7\u00e3o \u00e9 geralmente definida como a degrada\u00e7\u00e3o f\u00edsica e qu\u00edmica do meio ambiente.<\/p>\n","protected":false},"excerpt":{"rendered":"<p>Nessa \u00faltima quarta-feira, 14 de agosto, dezenas de crian\u00e7as e adolescentes assistidas pela Legi\u00e3o da Boa Vontade &#8211; LBV no Bairro de Jaguaribe, foram sensibilizadas&hellip; <\/p>\n","protected":false},"author":2,"featured_media":110356,"comment_status":"closed","ping_status":"closed","sticky":false,"template":"","format":"standard","meta":{"sfsi_plus_gutenberg_text_before_share":"","sfsi_plus_gutenberg_show_text_before_share":"","sfsi_plus_gutenberg_icon_type":"","sfsi_plus_gutenberg_icon_alignemt":"","sfsi_plus_gutenburg_max_per_row":"","footnotes":""},"categories":[50,2],"tags":[],"class_list":["post-110353","post","type-post","status-publish","format-standard","has-post-thumbnail","hentry","category-destaque","category-geral"],"_links":{"self":[{"href":"https:\/\/www.caririemacao.com\/1\/wp-json\/wp\/v2\/posts\/110353","targetHints":{"allow":["GET"]}}],"collection":[{"href":"https:\/\/www.caririemacao.com\/1\/wp-json\/wp\/v2\/posts"}],"about":[{"href":"https:\/\/www.caririemacao.com\/1\/wp-json\/wp\/v2\/types\/post"}],"author":[{"embeddable":true,"href":"https:\/\/www.caririemacao.com\/1\/wp-json\/wp\/v2\/users\/2"}],"replies":[{"embeddable":true,"href":"https:\/\/www.caririemacao.com\/1\/wp-json\/wp\/v2\/comments?post=110353"}],"version-history":[{"count":1,"href":"https:\/\/www.caririemacao.com\/1\/wp-json\/wp\/v2\/posts\/110353\/revisions"}],"predecessor-version":[{"id":110357,"href":"https:\/\/www.caririemacao.com\/1\/wp-json\/wp\/v2\/posts\/110353\/revisions\/110357"}],"wp:featuredmedia":[{"embeddable":true,"href":"https:\/\/www.caririemacao.com\/1\/wp-json\/wp\/v2\/media\/110356"}],"wp:attachment":[{"href":"https:\/\/www.caririemacao.com\/1\/wp-json\/wp\/v2\/media?parent=110353"}],"wp:term":[{"taxonomy":"category","embeddable":true,"href":"https:\/\/www.caririemacao.com\/1\/wp-json\/wp\/v2\/categories?post=110353"},{"taxonomy":"post_tag","embeddable":true,"href":"https:\/\/www.caririemacao.com\/1\/wp-json\/wp\/v2\/tags?post=110353"}],"curies":[{"name":"wp","href":"https:\/\/api.w.org\/{rel}","templated":true}]}}