{"id":110360,"date":"2019-08-15T12:50:15","date_gmt":"2019-08-15T15:50:15","guid":{"rendered":"http:\/\/www.caririemacao.com\/1\/?p=110360"},"modified":"2019-08-15T12:50:15","modified_gmt":"2019-08-15T15:50:15","slug":"bombeamento-da-transposicao-do-rio-sao-francisco-e-retomada-para-monteiro-diz-mdr","status":"publish","type":"post","link":"https:\/\/www.caririemacao.com\/1\/2019\/08\/15\/bombeamento-da-transposicao-do-rio-sao-francisco-e-retomada-para-monteiro-diz-mdr\/","title":{"rendered":"Bombeamento da Transposi\u00e7\u00e3o do Rio S\u00e3o Francisco \u00e9 retomada para Monteiro; diz MDR"},"content":{"rendered":"\n<p>O Bombeamento das \u00e1guas da Transposi\u00e7\u00e3o do Eixo Leste do Projeto de Integra\u00e7\u00e3o do Rio S\u00e3o Francisco foi retomado no dia 4 de julho de 2019.&nbsp;De acordo com o Minist\u00e9rio do Desenvolvimento Regional o Eixo Leste encontra-se em pr\u00e9-opera\u00e7\u00e3o, etapa em que pode surgir a necessidade de servi\u00e7os de manuten\u00e7\u00e3o e reparos nos canais e estruturas. O Eixo Leste tem beneficiado mais de um milh\u00e3o de habitantes em 46 cidades da Para\u00edba e de Pernambuco.&nbsp;No entanto, \u00e9 importante frisar que o segundo maior reservat\u00f3rio do estado da Para\u00edba, o Boqueir\u00e3o, tem disponibilidade h\u00eddrica para assegurar o atendimento de cidades abastecidas pelo Projeto S\u00e3o Francisco. Portanto, interrup\u00e7\u00f5es tempor\u00e1rias no bombeamento n\u00e3o afetaram a chegada da \u00e1gua \u00e0 popula\u00e7\u00e3o na regi\u00e3o de Campina Grande, por exemplo, que \u00e9 atendida pelo sistema desde mar\u00e7o de 2017.&nbsp;O Minist\u00e9rio P\u00fablico Federal apontou fissuras e rachaduras nos canais da Transposi\u00e7\u00e3o em Monteiro, em nota o Minist\u00e9rio do Desenvolvimento Regional disse ao Portal TV Cariri que: \u201creparos s\u00e3o realizados sempre que h\u00e1 necessidade. A prote\u00e7\u00e3o em concreto, no entanto, n\u00e3o apresenta fun\u00e7\u00e3o estrutural e, sim mec\u00e2nica, sem afetar significativamente a funcionalidade das estruturas.\u201d<\/p>\n\n\n\n<div class=\"wp-block-image\"><figure class=\"aligncenter\"><a href=\"https:\/\/www.portaltvcariri.com.br\/mpf-aponta-fissuras-e-rachaduras-nos-canais-da-transposicao-em-monteiro\/rachaduras-na-transposicao-do-rio-sao-francisco\/\"><img decoding=\"async\" data-src=\"https:\/\/www.portaltvcariri.com.br\/wp-content\/uploads\/2019\/07\/rachaduras-na-transposi%C3%A7%C3%A3o-do-rio-s%C3%A3o-francisco.jpg\" alt=\"rachaduras na transposi\u00e7\u00e3o do rio s\u00e3o francisco\" class=\"wp-image-92953 lazyload\" src=\"data:image\/svg+xml;base64,PHN2ZyB3aWR0aD0iMSIgaGVpZ2h0PSIxIiB4bWxucz0iaHR0cDovL3d3dy53My5vcmcvMjAwMC9zdmciPjwvc3ZnPg==\" \/><\/a><\/figure><\/div>\n\n\n\n<p>\u00a0Existe, no momento, um Cons\u00f3rcio Operador respons\u00e1vel pela pr\u00e9-opera\u00e7\u00e3o, manuten\u00e7\u00e3o, gest\u00e3o ambiental, conserva\u00e7\u00e3o e vigil\u00e2ncia patrimonial das instala\u00e7\u00f5es de constru\u00e7\u00e3o civil, dos equipamentos e dos sistemas el\u00e9tricos, mec\u00e2nicos e hidromec\u00e2nicos do Projeto. Entre as atribui\u00e7\u00f5es do Cons\u00f3rcio est\u00e1 a realiza\u00e7\u00e3o dos servi\u00e7os de manuten\u00e7\u00e3o nos canais.\u00a0O bombeamento do Eixo Leste foi interrompido em abril deste ano em atendimento a uma notifica\u00e7\u00e3o da Ag\u00eancia Nacional de \u00c1guas (ANA), recomendando a suspens\u00e3o da opera\u00e7\u00e3o da barragem Cacimba Nova. A quest\u00e3o foi solucionada, permitindo retomar o funcionamento no dia 4 de julho, conforme informado acima.\u00a0De acordo com informa\u00e7\u00f5es obtidas pelo Alberto Barbosa, as \u00e1guas da Transposi\u00e7\u00e3o deve chegar a Monteiro, nesta quinta-feira ou at\u00e9 a sexta-feira (16). As bombas da EBV06 em Sert\u00e2nia-PE est\u00e3o em testes. A barragem que fica na zona rural de Sert\u00e2nia, que \u00e9 abastecida pelas Bombas da EBV05, j\u00e1 atingiu sua capacidade m\u00e1xima.\u00a0<\/p>\n\n\n\n<p><em>Portal TV CaririMinist\u00e9rio do Desenvolvimento Regional<\/em><\/p>\n","protected":false},"excerpt":{"rendered":"<p>O Bombeamento das \u00e1guas da Transposi\u00e7\u00e3o do Eixo Leste do Projeto de Integra\u00e7\u00e3o do Rio S\u00e3o Francisco foi retomado no dia 4 de julho de&hellip; <\/p>\n","protected":false},"author":1,"featured_media":110361,"comment_status":"closed","ping_status":"closed","sticky":false,"template":"","format":"standard","meta":{"sfsi_plus_gutenberg_text_before_share":"","sfsi_plus_gutenberg_show_text_before_share":"","sfsi_plus_gutenberg_icon_type":"","sfsi_plus_gutenberg_icon_alignemt":"","sfsi_plus_gutenburg_max_per_row":"","footnotes":""},"categories":[6,50],"tags":[],"class_list":["post-110360","post","type-post","status-publish","format-standard","has-post-thumbnail","hentry","category-cidades","category-destaque"],"_links":{"self":[{"href":"https:\/\/www.caririemacao.com\/1\/wp-json\/wp\/v2\/posts\/110360","targetHints":{"allow":["GET"]}}],"collection":[{"href":"https:\/\/www.caririemacao.com\/1\/wp-json\/wp\/v2\/posts"}],"about":[{"href":"https:\/\/www.caririemacao.com\/1\/wp-json\/wp\/v2\/types\/post"}],"author":[{"embeddable":true,"href":"https:\/\/www.caririemacao.com\/1\/wp-json\/wp\/v2\/users\/1"}],"replies":[{"embeddable":true,"href":"https:\/\/www.caririemacao.com\/1\/wp-json\/wp\/v2\/comments?post=110360"}],"version-history":[{"count":1,"href":"https:\/\/www.caririemacao.com\/1\/wp-json\/wp\/v2\/posts\/110360\/revisions"}],"predecessor-version":[{"id":110362,"href":"https:\/\/www.caririemacao.com\/1\/wp-json\/wp\/v2\/posts\/110360\/revisions\/110362"}],"wp:featuredmedia":[{"embeddable":true,"href":"https:\/\/www.caririemacao.com\/1\/wp-json\/wp\/v2\/media\/110361"}],"wp:attachment":[{"href":"https:\/\/www.caririemacao.com\/1\/wp-json\/wp\/v2\/media?parent=110360"}],"wp:term":[{"taxonomy":"category","embeddable":true,"href":"https:\/\/www.caririemacao.com\/1\/wp-json\/wp\/v2\/categories?post=110360"},{"taxonomy":"post_tag","embeddable":true,"href":"https:\/\/www.caririemacao.com\/1\/wp-json\/wp\/v2\/tags?post=110360"}],"curies":[{"name":"wp","href":"https:\/\/api.w.org\/{rel}","templated":true}]}}