{"id":110373,"date":"2019-08-15T13:14:47","date_gmt":"2019-08-15T16:14:47","guid":{"rendered":"http:\/\/www.caririemacao.com\/1\/?p=110373"},"modified":"2019-08-15T13:14:47","modified_gmt":"2019-08-15T16:14:47","slug":"bolsonaro-vai-privatizar-br-230-e-br-101-na-paraiba","status":"publish","type":"post","link":"https:\/\/www.caririemacao.com\/1\/2019\/08\/15\/bolsonaro-vai-privatizar-br-230-e-br-101-na-paraiba\/","title":{"rendered":"Bolsonaro vai privatizar BR-230 e BR-101 na Para\u00edba"},"content":{"rendered":"\n<p>As Brs 230 e 101, que cortam a Para\u00edba poder\u00e3o ser privatizadas pelo Governo Federal, de acordo com decreto publicado na edi\u00e7\u00e3o do&nbsp;<a href=\"http:\/\/pesquisa.in.gov.br\/imprensa\/jsp\/visualiza\/index.jsp?data=15\/08\/2019&amp;jornal=515&amp;pagina=3\">Di\u00e1rio Oficial da Uni\u00e3o<\/a>&nbsp;desta quinta-feira (15).&nbsp;O presidente Jair Bolsonaro determinou que sejam realizados estudos sobre a viabilidade de desestatizar v\u00e1rios trechos de rodovias federais em todo o pa\u00eds.<\/p>\n\n\n\n<p>Dentre as rodovias listadas, est\u00e3o o trecho da BR-230 entre Jo\u00e3o Pessoa e Campina Grande. Este trecho da BR-230 segue de Jo\u00e3o Pessoa at\u00e9 o entroncamento com a BR-104 e BR-408 em Campina Grande.<\/p>\n\n\n\n<p>Al\u00e9m disso, o outro trecho relacionado \u00e9 a BR-101 desde a Bahia at\u00e9 o Rio Grande do Norte. Isso significa que a BR-101 entre Jo\u00e3o Pessoa e Recife e Jo\u00e3o Pessoa e Natal tamb\u00e9m est\u00e3o na lista.<\/p>\n\n\n\n<p>Em todo o pa\u00eds, s\u00e3o&nbsp;7.213 km de rodovias federais&nbsp;divididas em quinze lotes que atravessam treze estados.<\/p>\n\n\n\n<figure class=\"wp-block-image\"><img decoding=\"async\" data-src=\"https:\/\/www.clickpb.com.br\/media\/filer_public\/28\/e9\/28e95fcf-151c-4ab3-9399-67e9512052e5\/decreto_-_rodovias.png\" alt=\"\" src=\"data:image\/svg+xml;base64,PHN2ZyB3aWR0aD0iMSIgaGVpZ2h0PSIxIiB4bWxucz0iaHR0cDovL3d3dy53My5vcmcvMjAwMC9zdmciPjwvc3ZnPg==\" class=\"lazyload\" \/><\/figure>\n\n\n\n<figure class=\"wp-block-image\"><img decoding=\"async\" data-src=\"https:\/\/www.clickpb.com.br\/media\/filer_public\/42\/82\/42829ef1-c0f4-44aa-9fa6-01bd5f4b5f3d\/decreto_-_rodovias_1.png\" alt=\"\" src=\"data:image\/svg+xml;base64,PHN2ZyB3aWR0aD0iMSIgaGVpZ2h0PSIxIiB4bWxucz0iaHR0cDovL3d3dy53My5vcmcvMjAwMC9zdmciPjwvc3ZnPg==\" class=\"lazyload\" \/><\/figure>\n\n\n\n<figure class=\"wp-block-image\"><img decoding=\"async\" data-src=\"https:\/\/www.clickpb.com.br\/media\/filer_public\/de\/18\/de18fdc7-c15b-427a-8367-c6efd2a5dbcb\/decreto_-_rodovias_2.png\" alt=\"\" src=\"data:image\/svg+xml;base64,PHN2ZyB3aWR0aD0iMSIgaGVpZ2h0PSIxIiB4bWxucz0iaHR0cDovL3d3dy53My5vcmcvMjAwMC9zdmciPjwvc3ZnPg==\" class=\"lazyload\" \/><\/figure>\n\n\n\n<p>De acordo com o texto do decreto, as Brs listadas que cortam a Para\u00edba passam a figurar como um empreendimento rodovi\u00e1rio no \u00e2mbito do Programa de Parcerias de Investimentos da Presid\u00eancia da Rep\u00fablica (PPI).&nbsp;Para este fim, foi determinada a realiza\u00e7\u00e3o de estudos os trechos destas rodovias federais.<br><\/p>\n\n\n\n<p>No m\u00eas de junho, o ministro da Infraestrutura, Tarc\u00edsio Gomes de Freitas, havia afirmado que o Governo Federal pretende transferir 16 mil quil\u00f4metros de rodovias federais para a iniciativa privada por meio de concess\u00f5es.<br><\/p>\n\n\n\n<p><strong>No setor rodovi\u00e1rio, ficam qualificados no \u00e2mbito do PPI as seguintes rodovias:<\/strong><\/p>\n\n\n\n<ul class=\"wp-block-list\"><li><strong>BR-101\/BA\/SE\/AL\/PE\/PB\/RN, trecho da divisa entre os Estados do Esp\u00edrito Santo e da Bahia ao entroncamento com a BR-304(A), em Natal, Estado do Rio Grande do Norte;<\/strong><\/li><li>BR-116\/304\/CE\/RN, trecho da BR-116\/CE de Fortaleza, Estado do Cear\u00e1, ao entroncamento com a BR-304 e trecho da BR-304, do entroncamento com a BR-116 \u00e0 divisa entre os Estados do Cear\u00e1 e do Rio Grande do Norte e dessa divisa a Natal, Estado do Rio Grande;<\/li><li>BR-116 BA\/PE, trecho entre o entroncamento com a BR-232\/361, em Salgueiro, Estado de Pernambuco, e o entroncamento com a BR-324, no acesso ao contorno de Feira de Santana;<\/li><li>BR-364\/MT\/RO, trecho do entroncamento com a BR-174(A), em Comodoro, Estado do Mato Grosso, a Porto Velho, Estado de Rond\u00f4nia, no acesso Ulisses Guimar\u00e3es;<\/li><li><strong>BR-230\/PB, trecho de Jo\u00e3o Pessoa, Estado da Para\u00edba, ao entroncamento com a BR-104(A)\/408(B), em Campina Grande, Estado da Para\u00edba;<\/strong><\/li><li>BR-116\/MG, trecho do entroncamento com a BR-381\/451(B), em Governador Valadares, Estado de Minas Gerais, \u00e0 divisa entre os Estados de Minas Gerais e da Bahia;<\/li><li>BR-251\/MG, trecho do entroncamento com a BR-122(B), em Montes Claros, Estado de Minas Gerais, ao entroncamento com a BR-116(A);<\/li><li>BR-020\/DF\/GO\/BA, trecho do entroncamento com a BR-128, em Planaltina, Distrito Federal, ao entroncamento com a BR-135(A)\/242(B), em Barreiras, Estado da Bahia;<\/li><li>BR-116\/290\/RS, trecho da BR-116, entre a ponte do Rio Gua\u00edba e o entroncamento com a BR-470\/RS-350, para Camaqu\u00e3, Estado do Rio Grande do Sul, e o trecho da BR-290, do entroncamento com a BR-116, para Gua\u00edba, Estado do Rio Grande do Sul, ao entroncamento com a BR-471, em P\u00e2ntano Grande, Estado do Rio Grande do Sul;<\/li><li>BR-158\/392\/RS, trecho da BR-158, do entroncamento com a BR-285, para Panambi, Estado do Rio Grande do Sul, ao entroncamento com a BR-392(B), em Santa Maria, Estado do Rio Grande do Sul, e trecho da BR-392, do entroncamento com a BR-158(A)\/287(A), em Santa Maria ao acesso a Santana da Boa Vista, Estado do Rio Grande do Sul;<\/li><li>BR-232\/PE, do entroncamento com a BR-101, em Recife, Estado de Pernambuco, ao entroncamento com a BR-470(A);<\/li><li>BR-452\/GO, trecho do entroncamento com a BR-060, em Rio Verde, Estado de Goi\u00e1s, ao entroncamento com a BR-153, em Itumbiara-GO, Estado de Goi\u00e1s;<\/li><li>BR-364\/060\/MT\/GO, trecho da BR-364 do entroncamento com a BR-163(A), em Rondon\u00f3polis, Estado de Mato Grosso, ao entroncamento com a BR-060(A), em Jata\u00ed, Estado de Goi\u00e1s, e trecho da BR-060, do entroncamento com a BR-364(A), de Jata\u00ed a Goi\u00e2nia, Estado de Goi\u00e1s;<\/li><li>BR-235\/SE, trecho do entroncamento com a BR-101 ao entroncamento com a SE-175; e<\/li><li>BR-282\/SC, trecho do entroncamento com a BR-101(B) em Palho\u00e7a, Estado de Santa Catarina, ao entroncamento com a BR-470(A);<\/li><\/ul>\n\n\n\n<figure class=\"wp-block-image\"><img decoding=\"async\" data-src=\"https:\/\/www.clickpb.com.br\/media\/filer_public\/7f\/b0\/7fb01863-6d02-43d5-9cd8-bf4ed8dbc4f1\/dou.jpg\" alt=\"\" src=\"data:image\/svg+xml;base64,PHN2ZyB3aWR0aD0iMSIgaGVpZ2h0PSIxIiB4bWxucz0iaHR0cDovL3d3dy53My5vcmcvMjAwMC9zdmciPjwvc3ZnPg==\" class=\"lazyload\" \/><\/figure>\n","protected":false},"excerpt":{"rendered":"<p>As Brs 230 e 101, que cortam a Para\u00edba poder\u00e3o ser privatizadas pelo Governo Federal, de acordo com decreto publicado na edi\u00e7\u00e3o do&nbsp;Di\u00e1rio Oficial da&hellip; <\/p>\n","protected":false},"author":1,"featured_media":109556,"comment_status":"closed","ping_status":"closed","sticky":false,"template":"","format":"standard","meta":{"sfsi_plus_gutenberg_text_before_share":"","sfsi_plus_gutenberg_show_text_before_share":"","sfsi_plus_gutenberg_icon_type":"","sfsi_plus_gutenberg_icon_alignemt":"","sfsi_plus_gutenburg_max_per_row":"","footnotes":""},"categories":[11],"tags":[],"class_list":["post-110373","post","type-post","status-publish","format-standard","has-post-thumbnail","hentry","category-politica"],"_links":{"self":[{"href":"https:\/\/www.caririemacao.com\/1\/wp-json\/wp\/v2\/posts\/110373","targetHints":{"allow":["GET"]}}],"collection":[{"href":"https:\/\/www.caririemacao.com\/1\/wp-json\/wp\/v2\/posts"}],"about":[{"href":"https:\/\/www.caririemacao.com\/1\/wp-json\/wp\/v2\/types\/post"}],"author":[{"embeddable":true,"href":"https:\/\/www.caririemacao.com\/1\/wp-json\/wp\/v2\/users\/1"}],"replies":[{"embeddable":true,"href":"https:\/\/www.caririemacao.com\/1\/wp-json\/wp\/v2\/comments?post=110373"}],"version-history":[{"count":1,"href":"https:\/\/www.caririemacao.com\/1\/wp-json\/wp\/v2\/posts\/110373\/revisions"}],"predecessor-version":[{"id":110374,"href":"https:\/\/www.caririemacao.com\/1\/wp-json\/wp\/v2\/posts\/110373\/revisions\/110374"}],"wp:featuredmedia":[{"embeddable":true,"href":"https:\/\/www.caririemacao.com\/1\/wp-json\/wp\/v2\/media\/109556"}],"wp:attachment":[{"href":"https:\/\/www.caririemacao.com\/1\/wp-json\/wp\/v2\/media?parent=110373"}],"wp:term":[{"taxonomy":"category","embeddable":true,"href":"https:\/\/www.caririemacao.com\/1\/wp-json\/wp\/v2\/categories?post=110373"},{"taxonomy":"post_tag","embeddable":true,"href":"https:\/\/www.caririemacao.com\/1\/wp-json\/wp\/v2\/tags?post=110373"}],"curies":[{"name":"wp","href":"https:\/\/api.w.org\/{rel}","templated":true}]}}