{"id":110378,"date":"2019-08-15T13:18:42","date_gmt":"2019-08-15T16:18:42","guid":{"rendered":"http:\/\/www.caririemacao.com\/1\/?p=110378"},"modified":"2019-08-15T13:18:42","modified_gmt":"2019-08-15T16:18:42","slug":"galdino-apresenta-projeto-de-lei-que-cria-dia-do-orgulho-paraibano-apos-polemica-de-bolsonaro-sobre-nordeste","status":"publish","type":"post","link":"https:\/\/www.caririemacao.com\/1\/2019\/08\/15\/galdino-apresenta-projeto-de-lei-que-cria-dia-do-orgulho-paraibano-apos-polemica-de-bolsonaro-sobre-nordeste\/","title":{"rendered":"Galdino apresenta projeto de lei que cria Dia do Orgulho Paraibano, ap\u00f3s pol\u00eamica de Bolsonaro sobre Nordeste"},"content":{"rendered":"\n<p>Ap\u00f3s as declara\u00e7\u00f5es pol\u00eamicas do presidente Jair Bolsonaro (PSL) sobre o Nordeste, as quais ele nega ter falado com preconceito aos nordestinos, o presidente da Assembleia Legislativa da Para\u00edba (ALPB), deputado Adriano Galdino, apresentou Projeto de Lei (PL) n\u00ba 734\/2019 que sugere a inclus\u00e3o do Dia do Orgulho Paraibano no Calend\u00e1rio Oficial de Eventos do Estado da Para\u00edba. A comemora\u00e7\u00e3o \u00e9 sugerida para o dia 16 de junho de cada ano.<\/p>\n\n\n\n<p>Segundo o Art 2\u00ba do PL 734\/2019, &#8220;a institui\u00e7\u00e3o deste dia tem o intuito de estabelecer um marco estadual para implementar medidas preventivas de combate ao preconceito disseminado em face dos nordestinos, bem como promover a\u00e7\u00f5es que visem valorizar a regi\u00e3o do Nordeste, em especial, o Estado da Para\u00edba, atrav\u00e9s da realiza\u00e7\u00e3o de semin\u00e1rios, ciclos, palestras, v\u00eddeos e demais a\u00e7\u00f5es pedag\u00f3gicas.&#8221;<\/p>\n\n\n\n<figure class=\"wp-block-image\"><img decoding=\"async\" data-src=\"https:\/\/www.clickpb.com.br\/media\/filer_public\/16\/26\/16262918-de7b-4890-82e7-5bdbd052c4b3\/dia_do_orgulho_paraibano_16_de_junho_projeto_de_lei_adriano_galdino_alpb_dol_150819.jpg\" alt=\"\" src=\"data:image\/svg+xml;base64,PHN2ZyB3aWR0aD0iMSIgaGVpZ2h0PSIxIiB4bWxucz0iaHR0cDovL3d3dy53My5vcmcvMjAwMC9zdmciPjwvc3ZnPg==\" class=\"lazyload\" \/><\/figure>\n\n\n\n<figure class=\"wp-block-image\"><img decoding=\"async\" data-src=\"https:\/\/www.clickpb.com.br\/media\/filer_public\/a9\/ef\/a9ef6500-c1d0-4366-b27a-2bc9639858a3\/dia_do_orgulho_paraibano_16_de_junho_projeto_de_lei_adriano_galdino_alpb_dol_150819-2.jpg\" alt=\"\" src=\"data:image\/svg+xml;base64,PHN2ZyB3aWR0aD0iMSIgaGVpZ2h0PSIxIiB4bWxucz0iaHR0cDovL3d3dy53My5vcmcvMjAwMC9zdmciPjwvc3ZnPg==\" class=\"lazyload\" \/><\/figure>\n\n\n\n<figure class=\"wp-block-image\"><img decoding=\"async\" data-src=\"https:\/\/www.clickpb.com.br\/media\/filer_public\/86\/af\/86afb73b-db0d-47ec-9b86-5e1b6948cd5f\/dia_do_orgulho_paraibano_16_de_junho_projeto_de_lei_adriano_galdino_alpb_dol_150819-3.jpg\" alt=\"\" src=\"data:image\/svg+xml;base64,PHN2ZyB3aWR0aD0iMSIgaGVpZ2h0PSIxIiB4bWxucz0iaHR0cDovL3d3dy53My5vcmcvMjAwMC9zdmciPjwvc3ZnPg==\" class=\"lazyload\" \/><\/figure>\n\n\n\n<figure class=\"wp-block-image\"><img decoding=\"async\" data-src=\"https:\/\/www.clickpb.com.br\/media\/filer_public\/51\/bc\/51bcc223-8a00-487b-b157-5f6ed22aa2ee\/dia_do_orgulho_paraibano_16_de_junho_projeto_de_lei_adriano_galdino_alpb_dol_150819-4.jpg\" alt=\"\" src=\"data:image\/svg+xml;base64,PHN2ZyB3aWR0aD0iMSIgaGVpZ2h0PSIxIiB4bWxucz0iaHR0cDovL3d3dy53My5vcmcvMjAwMC9zdmciPjwvc3ZnPg==\" class=\"lazyload\" \/><\/figure>\n","protected":false},"excerpt":{"rendered":"<p>Ap\u00f3s as declara\u00e7\u00f5es pol\u00eamicas do presidente Jair Bolsonaro (PSL) sobre o Nordeste, as quais ele nega ter falado com preconceito aos nordestinos, o presidente da&hellip; <\/p>\n","protected":false},"author":1,"featured_media":110379,"comment_status":"closed","ping_status":"closed","sticky":false,"template":"","format":"standard","meta":{"sfsi_plus_gutenberg_text_before_share":"","sfsi_plus_gutenberg_show_text_before_share":"","sfsi_plus_gutenberg_icon_type":"","sfsi_plus_gutenberg_icon_alignemt":"","sfsi_plus_gutenburg_max_per_row":"","footnotes":""},"categories":[11],"tags":[],"class_list":["post-110378","post","type-post","status-publish","format-standard","has-post-thumbnail","hentry","category-politica"],"_links":{"self":[{"href":"https:\/\/www.caririemacao.com\/1\/wp-json\/wp\/v2\/posts\/110378","targetHints":{"allow":["GET"]}}],"collection":[{"href":"https:\/\/www.caririemacao.com\/1\/wp-json\/wp\/v2\/posts"}],"about":[{"href":"https:\/\/www.caririemacao.com\/1\/wp-json\/wp\/v2\/types\/post"}],"author":[{"embeddable":true,"href":"https:\/\/www.caririemacao.com\/1\/wp-json\/wp\/v2\/users\/1"}],"replies":[{"embeddable":true,"href":"https:\/\/www.caririemacao.com\/1\/wp-json\/wp\/v2\/comments?post=110378"}],"version-history":[{"count":1,"href":"https:\/\/www.caririemacao.com\/1\/wp-json\/wp\/v2\/posts\/110378\/revisions"}],"predecessor-version":[{"id":110380,"href":"https:\/\/www.caririemacao.com\/1\/wp-json\/wp\/v2\/posts\/110378\/revisions\/110380"}],"wp:featuredmedia":[{"embeddable":true,"href":"https:\/\/www.caririemacao.com\/1\/wp-json\/wp\/v2\/media\/110379"}],"wp:attachment":[{"href":"https:\/\/www.caririemacao.com\/1\/wp-json\/wp\/v2\/media?parent=110378"}],"wp:term":[{"taxonomy":"category","embeddable":true,"href":"https:\/\/www.caririemacao.com\/1\/wp-json\/wp\/v2\/categories?post=110378"},{"taxonomy":"post_tag","embeddable":true,"href":"https:\/\/www.caririemacao.com\/1\/wp-json\/wp\/v2\/tags?post=110378"}],"curies":[{"name":"wp","href":"https:\/\/api.w.org\/{rel}","templated":true}]}}