{"id":110384,"date":"2019-08-15T13:22:40","date_gmt":"2019-08-15T16:22:40","guid":{"rendered":"http:\/\/www.caririemacao.com\/1\/?p=110384"},"modified":"2019-08-15T13:22:40","modified_gmt":"2019-08-15T16:22:40","slug":"decreto-das-armas-exercito-proibe-compra-de-fuzil-por-cidadao-mas-libera-pistola-45","status":"publish","type":"post","link":"https:\/\/www.caririemacao.com\/1\/2019\/08\/15\/decreto-das-armas-exercito-proibe-compra-de-fuzil-por-cidadao-mas-libera-pistola-45\/","title":{"rendered":"Decreto das armas: Ex\u00e9rcito pro\u00edbe compra de fuzil por cidad\u00e3o, mas libera pistola .45"},"content":{"rendered":"\n<p>Portaria do Comando do Ex\u00e9rcito publicada na edi\u00e7\u00e3o desta quinta-feira no Di\u00e1rio Oficial lista as armas que s\u00e3o de uso permitido e restrito segundo classifica\u00e7\u00e3o t\u00e9cnica. A regra foi definida depois que decreto do presidente Jair Bolsonaro ampliou o acesso a qualquer cidad\u00e3o de armas que at\u00e9 ent\u00e3o eram consideradas de uso restrito das for\u00e7as policiais. O decreto deu prazo para o Ex\u00e9rcito estabelecer que armas poderiam ser de uso permitido ou restrito.<\/p>\n\n\n\n<p><a href=\"http:\/\/www.in.gov.br\/en\/web\/dou\/-\/portaria-n-1.222-de-12-de-agosto-de-2019-210735786\">Confira o decreto<\/a><\/p>\n\n\n\n<p>Segundo a tabela publicada no D.O., s\u00e3o de uso permitido: . 40 Smith &amp;Wesson; . 45 Automatic; . 45 Colt; 45 Glock pistola autom\u00e1tica; . 45 Winchester Magnum, 357 Magnum. Essas armas, at\u00e9 a edi\u00e7\u00e3o dos decretos do governo Bolsonaro, eram consideradas de uso restrito.<\/p>\n\n\n\n<p>J\u00e1 na lista de armas de uso restrito apenas para profissionais da \u00e1rea de seguran\u00e7a est\u00e3o, entre outras, fuzis dos seguintes calibres 5.56&#215;45 mm;&nbsp; 7.62&#215;51 mm; 12.7&#215;99 mm.<\/p>\n\n\n\n<p>\u2014 A confirma\u00e7\u00e3o do aumento de at\u00e9 quatro vezes na pot\u00eancia de armas de uso permitido a civis tem duas consequ\u00eancias imediatas: por um lado aumenta a letalidade da viol\u00eancia armada no Brasil (com impactos inclusive para a pol\u00edcia que ter\u00e1 inferioridade nas armas); e por outro beneficia criminosos presos com armas mais potentes, que se enquadrar\u00e3o no crime de porte de arma de uso permitido e ter\u00e3o que cumprir menos tempo de regime fechado \u2014 disse Bruno Langeani, do Instituto Sou Da Paz.<\/p>\n\n\n\n<p>Segundo ele, desde que editou v\u00e1rios decretos sobre o tema, o governo gerou indefini\u00e7\u00e3o sobre o calibre das armas permitidas, afetando diretamente o trabalho das pol\u00edcias que deixaram de saber como enquadrar uma pessoa presa portando arma sem autoriza\u00e7\u00e3o.<\/p>\n\n\n\n<p>\u2014 Na pr\u00e1tica as pol\u00edcias, promotores e juizes est\u00e3o desde o dia 7 de maio, quando esta mudan\u00e7a ocorreu, sem saber ao certo onde classificar cada preso com arma apreendida. \u00c9 irrespons\u00e1vel o governo fazer uma mudan\u00e7a, sem ter a seguran\u00e7a da classifica\u00e7\u00e3o, j\u00e1 que isto traz implica\u00e7\u00f5es pr\u00e1ticas no dia a dia da seguran\u00e7a.<br><\/p>\n\n\n\n<p>O relator do projeto de lei que prev\u00ea mudan\u00e7as nos crit\u00e9rios para a posse e porte de armas, Alexandre Leite (DEM-SP), disse ter apenas uma discord\u00e2ncia em rela\u00e7\u00e3o aos par\u00e2metros adotados pelo Ex\u00e9rcito. Para ele, a arma de calibre 44 Magnum, que foi classificada como restritas pelo Ex\u00e9rcito, tamb\u00e9m deveriam ter sido colocada como de uso permitido.<\/p>\n\n\n\n<p>&#8211; Minha \u00fanica discord\u00e2ncia em rela\u00e7\u00e3o \u00e0 lista do Ex\u00e9rcito \u00e9 com rela\u00e7\u00e3o \u00e0s armas 44 Magnum. Pela contagem do Ex\u00e9rcito, a 44 Magnum tem uma energia de lan\u00e7amento maior do que o registrado nas contagens internacionais. Pelos crit\u00e9rios que a gente vem levando em considera\u00e7\u00e3o, a 44 Magnum deveria estar na categoria de uso permitido \u2013 disse o parlamentar.&nbsp;<\/p>\n","protected":false},"excerpt":{"rendered":"<p>Portaria do Comando do Ex\u00e9rcito publicada na edi\u00e7\u00e3o desta quinta-feira no Di\u00e1rio Oficial lista as armas que s\u00e3o de uso permitido e restrito segundo classifica\u00e7\u00e3o&hellip; <\/p>\n","protected":false},"author":1,"featured_media":29918,"comment_status":"closed","ping_status":"closed","sticky":false,"template":"","format":"standard","meta":{"sfsi_plus_gutenberg_text_before_share":"","sfsi_plus_gutenberg_show_text_before_share":"","sfsi_plus_gutenberg_icon_type":"","sfsi_plus_gutenberg_icon_alignemt":"","sfsi_plus_gutenburg_max_per_row":"","footnotes":""},"categories":[2],"tags":[],"class_list":["post-110384","post","type-post","status-publish","format-standard","has-post-thumbnail","hentry","category-geral"],"_links":{"self":[{"href":"https:\/\/www.caririemacao.com\/1\/wp-json\/wp\/v2\/posts\/110384","targetHints":{"allow":["GET"]}}],"collection":[{"href":"https:\/\/www.caririemacao.com\/1\/wp-json\/wp\/v2\/posts"}],"about":[{"href":"https:\/\/www.caririemacao.com\/1\/wp-json\/wp\/v2\/types\/post"}],"author":[{"embeddable":true,"href":"https:\/\/www.caririemacao.com\/1\/wp-json\/wp\/v2\/users\/1"}],"replies":[{"embeddable":true,"href":"https:\/\/www.caririemacao.com\/1\/wp-json\/wp\/v2\/comments?post=110384"}],"version-history":[{"count":1,"href":"https:\/\/www.caririemacao.com\/1\/wp-json\/wp\/v2\/posts\/110384\/revisions"}],"predecessor-version":[{"id":110385,"href":"https:\/\/www.caririemacao.com\/1\/wp-json\/wp\/v2\/posts\/110384\/revisions\/110385"}],"wp:featuredmedia":[{"embeddable":true,"href":"https:\/\/www.caririemacao.com\/1\/wp-json\/wp\/v2\/media\/29918"}],"wp:attachment":[{"href":"https:\/\/www.caririemacao.com\/1\/wp-json\/wp\/v2\/media?parent=110384"}],"wp:term":[{"taxonomy":"category","embeddable":true,"href":"https:\/\/www.caririemacao.com\/1\/wp-json\/wp\/v2\/categories?post=110384"},{"taxonomy":"post_tag","embeddable":true,"href":"https:\/\/www.caririemacao.com\/1\/wp-json\/wp\/v2\/tags?post=110384"}],"curies":[{"name":"wp","href":"https:\/\/api.w.org\/{rel}","templated":true}]}}