{"id":110392,"date":"2019-08-15T13:28:50","date_gmt":"2019-08-15T16:28:50","guid":{"rendered":"http:\/\/www.caririemacao.com\/1\/?p=110392"},"modified":"2019-08-15T13:28:50","modified_gmt":"2019-08-15T16:28:50","slug":"apos-fim-de-programa-mec-diz-que-vai-manter-tempo-integral-no-ensino-medio","status":"publish","type":"post","link":"https:\/\/www.caririemacao.com\/1\/2019\/08\/15\/apos-fim-de-programa-mec-diz-que-vai-manter-tempo-integral-no-ensino-medio\/","title":{"rendered":"Ap\u00f3s fim de programa, MEC diz que vai manter tempo integral no ensino m\u00e9dio"},"content":{"rendered":"\n<p>Ap\u00f3s anunciar o fim do programa &#8220;Novo Mais Educa\u00e7\u00e3o&#8221; e o in\u00edcio de conv\u00eanios com faculdades para estender a jornada escolar, o Minist\u00e9rio da Educa\u00e7\u00e3o afirmou que ir\u00e1 manter o fomento ao tempo integral no ensino m\u00e9dio.<\/p>\n\n\n\n<p>Segundo o secret\u00e1rio de Educa\u00e7\u00e3o B\u00e1sica, Janio Macedo, a pasta vai liberar uma nova parcela de recursos para 1.024 escolas que receberam no ano passado, ainda no governo Michel Temer (MDB), verba para ampliar a jornada para sete horas di\u00e1rias no n\u00edvel m\u00e9dio.<\/p>\n\n\n\n<p>Ele afirmou ainda que o efeito da iniciativa est\u00e1 sob avalia\u00e7\u00e3o e, a depender do resultado, o n\u00famero de unidades beneficiadas pode aumentar. O pa\u00eds tem 20.379 col\u00e9gios p\u00fablicos com ensino m\u00e9dio.<\/p>\n\n\n\n<p>Macedo afirmou ainda que est\u00e1 sendo constru\u00eddo um projeto-piloto para aumentar a jornada de quatro para cinco horas do 6\u00ba ao 9\u00ba ano. A quantidade de escolas ser\u00e1 definida em conjunto com estados e munic\u00edpios.<\/p>\n\n\n\n<p>Segundo o secret\u00e1rio, os conv\u00eanios com faculdades s\u00e3o uma op\u00e7\u00e3o para acelerar a ado\u00e7\u00e3o do tempo integral no pa\u00eds. Em troca, as institui\u00e7\u00f5es receber\u00e3o um b\u00f4nus na sua avalia\u00e7\u00e3o.<\/p>\n\n\n\n<p>A alternativa ser\u00e1 testada em um n\u00famero inicialmente reduzido de localidades e depois, se aprovada, ser\u00e1 ampliada. A ideia \u00e9 que as horas adicionais que os alunos ter\u00e3o de aulas sejam integradas \u00e0 grade curricular.&nbsp;<\/p>\n\n\n\n<p>&#8220;O Novo Mais Educa\u00e7\u00e3o, apesar de ter um conceito positivo, n\u00e3o estava trazendo o resultado esperado&#8221;, disse.&nbsp;<\/p>\n\n\n\n<p><strong>EDUCA\u00c7\u00c3O EM TEMPO INTEGRAL<\/strong><\/p>\n\n\n\n<p><strong>Como era<\/strong><\/p>\n\n\n\n<ul class=\"wp-block-list\"><li>Escolas recebiam repasses para atividades no contraturno escolar&nbsp;<\/li><li>Desde 2017, prioridade no uso da jornada extra era dada ao refor\u00e7o em portugu\u00eas e matem\u00e1tica<\/li><\/ul>\n\n\n\n<p>Como fica<\/p>\n\n\n\n<ul class=\"wp-block-list\"><li><strong>Faculdades ir\u00e3o ceder espa\u00e7os ociosos para receber alunos no contraturno<\/strong><\/li><li>Em troca, receber\u00e3o b\u00f4nus nas avalia\u00e7\u00f5es oficiais de qualidade<\/li><\/ul>\n\n\n\n<p><strong>GOVERNO BOLSONARO<\/strong><\/p>\n\n\n\n<ul class=\"wp-block-list\"><li>Neste ano, o MEC n\u00e3o realizou repasses para apoiar redes p\u00fablicas na cria\u00e7\u00e3o e manuten\u00e7\u00e3o de alunos em tempo integral<\/li><li>Repasses para constru\u00e7\u00e3o de creches, alfabetiza\u00e7\u00e3o e ensino t\u00e9cnico tamb\u00e9m foram afetados por cortes.<\/li><li>R$ 5,8 bi &#8211; foi o contingenciamento de recursos na educa\u00e7\u00e3o neste ano at\u00e9 agora, com impactos desde educa\u00e7\u00e3o infantil \u00e0 p\u00f3s-gradua\u00e7\u00e3o<\/li><li>10,9% &#8211; dos estudantes de ensino fundamental estavam em escolas integrais em 2018, segundo o Censo Escolar. Em 2017 eram 16,3%<\/li><li>10,3% &#8211;&nbsp;era a propor\u00e7\u00e3o de alunos no ensino m\u00e9dio integral em 2018, ano do \u00faltimo censo divulgado<\/li><\/ul>\n","protected":false},"excerpt":{"rendered":"<p>Ap\u00f3s anunciar o fim do programa &#8220;Novo Mais Educa\u00e7\u00e3o&#8221; e o in\u00edcio de conv\u00eanios com faculdades para estender a jornada escolar, o Minist\u00e9rio da Educa\u00e7\u00e3o&hellip; <\/p>\n","protected":false},"author":1,"featured_media":110393,"comment_status":"closed","ping_status":"closed","sticky":false,"template":"","format":"standard","meta":{"sfsi_plus_gutenberg_text_before_share":"","sfsi_plus_gutenberg_show_text_before_share":"","sfsi_plus_gutenberg_icon_type":"","sfsi_plus_gutenberg_icon_alignemt":"","sfsi_plus_gutenburg_max_per_row":"","footnotes":""},"categories":[2],"tags":[],"class_list":["post-110392","post","type-post","status-publish","format-standard","has-post-thumbnail","hentry","category-geral"],"_links":{"self":[{"href":"https:\/\/www.caririemacao.com\/1\/wp-json\/wp\/v2\/posts\/110392","targetHints":{"allow":["GET"]}}],"collection":[{"href":"https:\/\/www.caririemacao.com\/1\/wp-json\/wp\/v2\/posts"}],"about":[{"href":"https:\/\/www.caririemacao.com\/1\/wp-json\/wp\/v2\/types\/post"}],"author":[{"embeddable":true,"href":"https:\/\/www.caririemacao.com\/1\/wp-json\/wp\/v2\/users\/1"}],"replies":[{"embeddable":true,"href":"https:\/\/www.caririemacao.com\/1\/wp-json\/wp\/v2\/comments?post=110392"}],"version-history":[{"count":1,"href":"https:\/\/www.caririemacao.com\/1\/wp-json\/wp\/v2\/posts\/110392\/revisions"}],"predecessor-version":[{"id":110394,"href":"https:\/\/www.caririemacao.com\/1\/wp-json\/wp\/v2\/posts\/110392\/revisions\/110394"}],"wp:featuredmedia":[{"embeddable":true,"href":"https:\/\/www.caririemacao.com\/1\/wp-json\/wp\/v2\/media\/110393"}],"wp:attachment":[{"href":"https:\/\/www.caririemacao.com\/1\/wp-json\/wp\/v2\/media?parent=110392"}],"wp:term":[{"taxonomy":"category","embeddable":true,"href":"https:\/\/www.caririemacao.com\/1\/wp-json\/wp\/v2\/categories?post=110392"},{"taxonomy":"post_tag","embeddable":true,"href":"https:\/\/www.caririemacao.com\/1\/wp-json\/wp\/v2\/tags?post=110392"}],"curies":[{"name":"wp","href":"https:\/\/api.w.org\/{rel}","templated":true}]}}