{"id":110398,"date":"2019-08-15T13:33:54","date_gmt":"2019-08-15T16:33:54","guid":{"rendered":"http:\/\/www.caririemacao.com\/1\/?p=110398"},"modified":"2019-08-15T13:33:54","modified_gmt":"2019-08-15T16:33:54","slug":"justica-nega-pedido-de-liminar-e-mantem-titulo-de-cidadao-pessoense-a-jair-bolsonaro","status":"publish","type":"post","link":"https:\/\/www.caririemacao.com\/1\/2019\/08\/15\/justica-nega-pedido-de-liminar-e-mantem-titulo-de-cidadao-pessoense-a-jair-bolsonaro\/","title":{"rendered":"Justi\u00e7a nega pedido de liminar e mant\u00e9m t\u00edtulo de cidad\u00e3o pessoense a Jair Bolsonaro"},"content":{"rendered":"\n<p>&nbsp;presidente Jair Bolsonaro permanece com seu t\u00edtulo de cidad\u00e3o pessoense por uma decis\u00e3o da ju\u00edza titular da 1\u00aa Vara da Fazenda P\u00fablica da Capital, Fl\u00e1via da Costa Lins Cavalcanti. Ela negou, nesta quarta-feira (14), um pedido de liminar formulado em Mandado de Seguran\u00e7a protocolado pelo vereador de Jo\u00e3o Pessoa Marcos Henriques.<\/p>\n\n\n\n<p>O vereador solicita a suspens\u00e3o do Decreto Legislativo que aprovou a concess\u00e3o do T\u00edtulo de Cidad\u00e3o Pessoense a Jair Bolsonaro na C\u00e2mara Municipal de Jo\u00e3o Pessoa.<\/p>\n\n\n\n<p>Em suas alega\u00e7\u00f5es, Marcos Henriques sustenta que, de acordo com a Lei Org\u00e2nica do Munic\u00edpio, \u00e9 necess\u00e1rio haver dois ter\u00e7os de votos favor\u00e1veis dos vereadores para a concess\u00e3o de t\u00edtulo de cidadania. Por isso, seriam necess\u00e1rios 18 votos a favor do t\u00edtulo, j\u00e1 que a C\u00e2mara tem 27 vereadores no total.<\/p>\n\n\n\n<p>Segundo Marcos Henriques, o Decreto Legislativo foi aprovado com 12 votos a favor, duas absten\u00e7\u00f5es e tr\u00eas votos contr\u00e1rios.<\/p>\n\n\n\n<p>A ju\u00edza considerou, no entanto, a favor da autonomia dos Poderes, inclusive o Legislativo. \u201cSendo assim, por considerar que a quest\u00e3o suscitada nestes autos, por se referir a exegese regimental, se constitui em ato interna corporis da C\u00e2mara de Vereadores, insuscet\u00edvel portanto de aprecia\u00e7\u00e3o e modifica\u00e7\u00e3o por decis\u00e3o jurisdicional, como pretendido pelo impetrante\u201d, declarou em seu voto.<\/p>\n","protected":false},"excerpt":{"rendered":"<p>&nbsp;presidente Jair Bolsonaro permanece com seu t\u00edtulo de cidad\u00e3o pessoense por uma decis\u00e3o da ju\u00edza titular da 1\u00aa Vara da Fazenda P\u00fablica da Capital, Fl\u00e1via&hellip; <\/p>\n","protected":false},"author":1,"featured_media":109556,"comment_status":"closed","ping_status":"closed","sticky":false,"template":"","format":"standard","meta":{"sfsi_plus_gutenberg_text_before_share":"","sfsi_plus_gutenberg_show_text_before_share":"","sfsi_plus_gutenberg_icon_type":"","sfsi_plus_gutenberg_icon_alignemt":"","sfsi_plus_gutenburg_max_per_row":"","footnotes":""},"categories":[11],"tags":[],"class_list":["post-110398","post","type-post","status-publish","format-standard","has-post-thumbnail","hentry","category-politica"],"_links":{"self":[{"href":"https:\/\/www.caririemacao.com\/1\/wp-json\/wp\/v2\/posts\/110398","targetHints":{"allow":["GET"]}}],"collection":[{"href":"https:\/\/www.caririemacao.com\/1\/wp-json\/wp\/v2\/posts"}],"about":[{"href":"https:\/\/www.caririemacao.com\/1\/wp-json\/wp\/v2\/types\/post"}],"author":[{"embeddable":true,"href":"https:\/\/www.caririemacao.com\/1\/wp-json\/wp\/v2\/users\/1"}],"replies":[{"embeddable":true,"href":"https:\/\/www.caririemacao.com\/1\/wp-json\/wp\/v2\/comments?post=110398"}],"version-history":[{"count":1,"href":"https:\/\/www.caririemacao.com\/1\/wp-json\/wp\/v2\/posts\/110398\/revisions"}],"predecessor-version":[{"id":110399,"href":"https:\/\/www.caririemacao.com\/1\/wp-json\/wp\/v2\/posts\/110398\/revisions\/110399"}],"wp:featuredmedia":[{"embeddable":true,"href":"https:\/\/www.caririemacao.com\/1\/wp-json\/wp\/v2\/media\/109556"}],"wp:attachment":[{"href":"https:\/\/www.caririemacao.com\/1\/wp-json\/wp\/v2\/media?parent=110398"}],"wp:term":[{"taxonomy":"category","embeddable":true,"href":"https:\/\/www.caririemacao.com\/1\/wp-json\/wp\/v2\/categories?post=110398"},{"taxonomy":"post_tag","embeddable":true,"href":"https:\/\/www.caririemacao.com\/1\/wp-json\/wp\/v2\/tags?post=110398"}],"curies":[{"name":"wp","href":"https:\/\/api.w.org\/{rel}","templated":true}]}}