{"id":110402,"date":"2019-08-15T13:36:52","date_gmt":"2019-08-15T16:36:52","guid":{"rendered":"http:\/\/www.caririemacao.com\/1\/?p=110402"},"modified":"2019-08-15T13:36:52","modified_gmt":"2019-08-15T16:36:52","slug":"sei-nem-quem-e-esse-diz-bolsonaro-sobre-alexandre-frota","status":"publish","type":"post","link":"https:\/\/www.caririemacao.com\/1\/2019\/08\/15\/sei-nem-quem-e-esse-diz-bolsonaro-sobre-alexandre-frota\/","title":{"rendered":"Sei nem quem \u00e9 esse&#8217;, diz Bolsonaro sobre Alexandre Frota"},"content":{"rendered":"\n<p>Questionado nesta quinta-feira (15) sobre a expuls\u00e3o do deputado Alexandre Frota (SP) do PSL, o presidente Jair Bolsonaro disse que n\u00e3o conhece o parlamentar. &#8220;Sei nem quem \u00e9 esse&#8221;, declarou o presidente.<\/p>\n\n\n\n<p>Bolsonaro, que tamb\u00e9m \u00e9 filiado ao PSL, conversou com a imprensa nesta manh\u00e3, na portaria do Pal\u00e1cio da Alvorada, antes de seguir para a agenda do dia no Pal\u00e1cio do Planalto.<\/p>\n\n\n\n<p>Na \u00faltima ter\u00e7a-feira (13), o PSL decidiu, por unanimidade, expulsar o deputado Alexandre Frota. A expuls\u00e3o n\u00e3o acarretar\u00e1 na perda do mandato de Frota, que poder\u00e1 permanecer como deputado em outra sigla. Ele j\u00e1 tem convites de filia\u00e7\u00e3o a outros partidos.<\/p>\n\n\n\n<p>O pedido de expuls\u00e3o de Frota partiu da deputada Carla Zambelli (PSL-SP). Segundo a parlamentar, a situa\u00e7\u00e3o de Frota no partido era &#8220;insustent\u00e1vel&#8221;.<\/p>\n\n\n\n<p>Nos \u00faltimos dias, Frota passou a criticar publicamente o governo e o presidente, e chegou a declarar que estava decepcionado com Bolsonaro e com a falta de articula\u00e7\u00e3o do presidente com os parlamentares.<\/p>\n\n\n\n<p>Em mais de uma ocasi\u00e3o, o parlamentar criticou, por exemplo, a iminente nomea\u00e7\u00e3o do deputado Eduardo Bolsonaro (PSL-SP), filho do presidente, para a embaixada do Brasil nos Estados Unidos.<\/p>\n\n\n\n<p>Um dos principais articuladores do PSL na vota\u00e7\u00e3o da reforma da Previd\u00eancia na C\u00e2mara, Alexandre Frota decidiu se abster na an\u00e1lise da proposta em segundo turno, contrariando a orienta\u00e7\u00e3o do partido, depois de ter sido retirado da vice-lideran\u00e7a do partido na C\u00e2mara e do comando de tr\u00eas diret\u00f3rios municipais a pedido do presidente Jair Bolsonaro.<\/p>\n","protected":false},"excerpt":{"rendered":"<p>Questionado nesta quinta-feira (15) sobre a expuls\u00e3o do deputado Alexandre Frota (SP) do PSL, o presidente Jair Bolsonaro disse que n\u00e3o conhece o parlamentar. &#8220;Sei&hellip; <\/p>\n","protected":false},"author":1,"featured_media":110404,"comment_status":"closed","ping_status":"closed","sticky":false,"template":"","format":"standard","meta":{"sfsi_plus_gutenberg_text_before_share":"","sfsi_plus_gutenberg_show_text_before_share":"","sfsi_plus_gutenberg_icon_type":"","sfsi_plus_gutenberg_icon_alignemt":"","sfsi_plus_gutenburg_max_per_row":"","footnotes":""},"categories":[11],"tags":[],"class_list":["post-110402","post","type-post","status-publish","format-standard","has-post-thumbnail","hentry","category-politica"],"_links":{"self":[{"href":"https:\/\/www.caririemacao.com\/1\/wp-json\/wp\/v2\/posts\/110402","targetHints":{"allow":["GET"]}}],"collection":[{"href":"https:\/\/www.caririemacao.com\/1\/wp-json\/wp\/v2\/posts"}],"about":[{"href":"https:\/\/www.caririemacao.com\/1\/wp-json\/wp\/v2\/types\/post"}],"author":[{"embeddable":true,"href":"https:\/\/www.caririemacao.com\/1\/wp-json\/wp\/v2\/users\/1"}],"replies":[{"embeddable":true,"href":"https:\/\/www.caririemacao.com\/1\/wp-json\/wp\/v2\/comments?post=110402"}],"version-history":[{"count":1,"href":"https:\/\/www.caririemacao.com\/1\/wp-json\/wp\/v2\/posts\/110402\/revisions"}],"predecessor-version":[{"id":110405,"href":"https:\/\/www.caririemacao.com\/1\/wp-json\/wp\/v2\/posts\/110402\/revisions\/110405"}],"wp:featuredmedia":[{"embeddable":true,"href":"https:\/\/www.caririemacao.com\/1\/wp-json\/wp\/v2\/media\/110404"}],"wp:attachment":[{"href":"https:\/\/www.caririemacao.com\/1\/wp-json\/wp\/v2\/media?parent=110402"}],"wp:term":[{"taxonomy":"category","embeddable":true,"href":"https:\/\/www.caririemacao.com\/1\/wp-json\/wp\/v2\/categories?post=110402"},{"taxonomy":"post_tag","embeddable":true,"href":"https:\/\/www.caririemacao.com\/1\/wp-json\/wp\/v2\/tags?post=110402"}],"curies":[{"name":"wp","href":"https:\/\/api.w.org\/{rel}","templated":true}]}}