{"id":110421,"date":"2019-08-15T13:46:31","date_gmt":"2019-08-15T16:46:31","guid":{"rendered":"http:\/\/www.caririemacao.com\/1\/?p=110421"},"modified":"2019-08-15T13:46:31","modified_gmt":"2019-08-15T16:46:31","slug":"prefeito-em-exercicio-de-monteiro-fiscaliza-obras-ao-lado-de-vereadores-e-secretarios","status":"publish","type":"post","link":"https:\/\/www.caririemacao.com\/1\/2019\/08\/15\/prefeito-em-exercicio-de-monteiro-fiscaliza-obras-ao-lado-de-vereadores-e-secretarios\/","title":{"rendered":"Prefeito em exerc\u00edcio de Monteiro fiscaliza obras ao lado de vereadores e secret\u00e1rios"},"content":{"rendered":"\n<p>O prefeito em exerc\u00edcio de Monteiro Celecileno Alves realizou na manh\u00e3 desta quinta feira (15), uma s\u00e9rie de visitas para fiscalizar o verdadeiro canteiro de obras que est\u00e3o sendo realizadas na zona urbana do munic\u00edpio.<br>A visita come\u00e7ou pela Pra\u00e7a Parque das \u00e1guas, onde Celecileno ap\u00f3s ver a situa\u00e7\u00e3o causada em virtude do atraso dos repasses federais que a obra seja continuada, afirmou aos comerciantes e usu\u00e1rios do espa\u00e7o, que a prefeitura est\u00e1 a todo custo tentando o destrato com a empresa, caso ela n\u00e3o cumpra com os compromissos assumidos desde a gest\u00e3o anterior.<br><\/p>\n\n\n\n<figure class=\"wp-block-image\"><a href=\"https:\/\/scontent.fcpv1-1.fna.fbcdn.net\/v\/t1.15752-9\/68251349_377590139615114_3279427080634236928_n.jpg?_nc_cat=107&amp;_nc_oc=AQmQNamh0fx_XN7nSvPWq39b73eOIuxQ3Gz8GCJZBy0A7JfN81yNcyBj2JpFZHPJ5uE&amp;_nc_ht=scontent.fcpv1-1.fna&amp;oh=2abe32655d49f6dc6d2f7d2499144908&amp;oe=5DC9F7CB\"><img decoding=\"async\" data-src=\"https:\/\/scontent.fcpv1-1.fna.fbcdn.net\/v\/t1.15752-9\/68251349_377590139615114_3279427080634236928_n.jpg?_nc_cat=107&amp;_nc_oc=AQmQNamh0fx_XN7nSvPWq39b73eOIuxQ3Gz8GCJZBy0A7JfN81yNcyBj2JpFZHPJ5uE&amp;_nc_ht=scontent.fcpv1-1.fna&amp;oh=2abe32655d49f6dc6d2f7d2499144908&amp;oe=5DC9F7CB\" alt=\"\" src=\"data:image\/svg+xml;base64,PHN2ZyB3aWR0aD0iMSIgaGVpZ2h0PSIxIiB4bWxucz0iaHR0cDovL3d3dy53My5vcmcvMjAwMC9zdmciPjwvc3ZnPg==\" class=\"lazyload\" \/><\/a><\/figure>\n\n\n\n<p>Logo ap\u00f3s, Celecileno visitou as obras de cal\u00e7amento da rua que liga o bairro do cemit\u00e9rio \u00e0 BR 412 e ouviu da popula\u00e7\u00e3o local alguns pedidos sobre retoques que podem ser providenciados, para que a obra cause o m\u00ednimo de transtorno poss\u00edvel durante sua execu\u00e7\u00e3o e ap\u00f3s a sua finaliza\u00e7\u00e3o.<br>Em seguida, o prefeito em exerc\u00edcio foi ao loteamento Assis Bastos onde tamb\u00e9m ouviu alguns pedidos pessoais de moradores, com ajustes que podem ser realizados e melhorar ainda mais a execu\u00e7\u00e3o da obra.<br>E por fim, Celecileno foi \u00e0 obra de reforma do Est\u00e1dio O Feitos\u00e3o que segue em ritmo acelerado. L\u00e1 ele cobrou ainda mais velocidade em rela\u00e7\u00e3o \u00e0 execu\u00e7\u00e3o da obra pela firma respons\u00e1vel, tendo em vista que \u00e9 projeto da gest\u00e3o municipal realizar as finais do Campeonato Rural deste ano, no local.<br>Acompanharam o prefeito em exerc\u00edcio durante a visita, o secret\u00e1rio de infraestrutura Juraci Conrado, a secret\u00e1ria de planejamento Waldirene Alves, os encarregados de cada uma das obras em execu\u00e7\u00e3o, al\u00e9m dos vereadores da bancada de situa\u00e7\u00e3o.<br><strong>F\u00c1BIO BRITO<\/strong><\/p>\n","protected":false},"excerpt":{"rendered":"<p>O prefeito em exerc\u00edcio de Monteiro Celecileno Alves realizou na manh\u00e3 desta quinta feira (15), uma s\u00e9rie de visitas para fiscalizar o verdadeiro canteiro de&hellip; <\/p>\n","protected":false},"author":1,"featured_media":110422,"comment_status":"closed","ping_status":"closed","sticky":false,"template":"","format":"standard","meta":{"sfsi_plus_gutenberg_text_before_share":"","sfsi_plus_gutenberg_show_text_before_share":"","sfsi_plus_gutenberg_icon_type":"","sfsi_plus_gutenberg_icon_alignemt":"","sfsi_plus_gutenburg_max_per_row":"","footnotes":""},"categories":[2],"tags":[],"class_list":["post-110421","post","type-post","status-publish","format-standard","has-post-thumbnail","hentry","category-geral"],"_links":{"self":[{"href":"https:\/\/www.caririemacao.com\/1\/wp-json\/wp\/v2\/posts\/110421","targetHints":{"allow":["GET"]}}],"collection":[{"href":"https:\/\/www.caririemacao.com\/1\/wp-json\/wp\/v2\/posts"}],"about":[{"href":"https:\/\/www.caririemacao.com\/1\/wp-json\/wp\/v2\/types\/post"}],"author":[{"embeddable":true,"href":"https:\/\/www.caririemacao.com\/1\/wp-json\/wp\/v2\/users\/1"}],"replies":[{"embeddable":true,"href":"https:\/\/www.caririemacao.com\/1\/wp-json\/wp\/v2\/comments?post=110421"}],"version-history":[{"count":1,"href":"https:\/\/www.caririemacao.com\/1\/wp-json\/wp\/v2\/posts\/110421\/revisions"}],"predecessor-version":[{"id":110423,"href":"https:\/\/www.caririemacao.com\/1\/wp-json\/wp\/v2\/posts\/110421\/revisions\/110423"}],"wp:featuredmedia":[{"embeddable":true,"href":"https:\/\/www.caririemacao.com\/1\/wp-json\/wp\/v2\/media\/110422"}],"wp:attachment":[{"href":"https:\/\/www.caririemacao.com\/1\/wp-json\/wp\/v2\/media?parent=110421"}],"wp:term":[{"taxonomy":"category","embeddable":true,"href":"https:\/\/www.caririemacao.com\/1\/wp-json\/wp\/v2\/categories?post=110421"},{"taxonomy":"post_tag","embeddable":true,"href":"https:\/\/www.caririemacao.com\/1\/wp-json\/wp\/v2\/tags?post=110421"}],"curies":[{"name":"wp","href":"https:\/\/api.w.org\/{rel}","templated":true}]}}