{"id":110429,"date":"2019-08-15T14:22:34","date_gmt":"2019-08-15T17:22:34","guid":{"rendered":"http:\/\/www.caririemacao.com\/1\/?p=110429"},"modified":"2019-08-15T14:22:34","modified_gmt":"2019-08-15T17:22:34","slug":"trabalhos-dos-usuarios-do-caps-de-sume-ganham-destaque-em-exposicao-da-energisa","status":"publish","type":"post","link":"https:\/\/www.caririemacao.com\/1\/2019\/08\/15\/trabalhos-dos-usuarios-do-caps-de-sume-ganham-destaque-em-exposicao-da-energisa\/","title":{"rendered":"Trabalhos dos usu\u00e1rios do CAPS de Sum\u00e9 ganham destaque em exposi\u00e7\u00e3o da Energisa"},"content":{"rendered":"\n<p>Est\u00e1 em cartaz no hall de Exposi\u00e7\u00f5es da Energisa, o projeto Arte na Empresa, que apresenta a exposi\u00e7\u00e3o coletiva \u201cCores do Inconsciente\u201d e traz obras dos usu\u00e1rios do Centro de Aten\u00e7\u00e3o Psicossocial CAPS I, da cidade de Sum\u00e9, no Cariri da Para\u00edba.<\/p>\n\n\n\n<p>Sobre a curadoria do artista Alexandre Limeira, a exposi\u00e7\u00e3o \u00e9 composta de 15 trabalhos acr\u00edlica sobre tela, produzido j\u00e1 em 2019, e que apresentam os la\u00e7os criados atrav\u00e9s da arte, por meio do projeto \u201cAteli\u00ea Novos Rumos\u201d. O grupo \u00e9 formado por 15 usu\u00e1rios do CAPS I, entre homens e mulheres com idade de 20 a 54 anos.<\/p>\n\n\n\n<div class=\"wp-block-image\"><figure class=\"alignleft\"><img decoding=\"async\" data-src=\"https:\/\/i2.wp.com\/www.vitrinedocariri.com.br\/wp-content\/uploads\/2019\/08\/IMG-20190815-WA0035-1.jpg?zoom=2&amp;resize=330%2C186&amp;ssl=1\" alt=\"\" class=\"wp-image-50778 lazyload\" src=\"data:image\/svg+xml;base64,PHN2ZyB3aWR0aD0iMSIgaGVpZ2h0PSIxIiB4bWxucz0iaHR0cDovL3d3dy53My5vcmcvMjAwMC9zdmciPjwvc3ZnPg==\" \/><\/figure><\/div>\n\n\n\n<p>Apaixonados por artes pl\u00e1sticas e cores, os novos artistas de Sum\u00e9 passam para as telas, na pintura abstrata, o seu cotidiano, canalizando os pinc\u00e9is e telas, as dificuldades, conflitos e angustias do inconsciente.<\/p>\n\n\n\n<p>O trabalho desenvolvido no ateli\u00ea junto aos usu\u00e1rios do CAPS I de Sum\u00e9, mostra como a arte pode ser utilizada para amenizar efeitos das doen\u00e7as mentais potencializando e valorizando as formas singulares de processo de livre cria\u00e7\u00e3o, elevando a autoestima e melhora do equil\u00edbrio emocional.<\/p>\n\n\n\n<p>A exposi\u00e7\u00e3o fica em cartaz de agosto a outubro de 2019, em Jo\u00e3o Pessoa, Patos e Campina Grande.<\/p>\n","protected":false},"excerpt":{"rendered":"<p>Est\u00e1 em cartaz no hall de Exposi\u00e7\u00f5es da Energisa, o projeto Arte na Empresa, que apresenta a exposi\u00e7\u00e3o coletiva \u201cCores do Inconsciente\u201d e traz obras&hellip; <\/p>\n","protected":false},"author":1,"featured_media":110430,"comment_status":"closed","ping_status":"closed","sticky":false,"template":"","format":"standard","meta":{"sfsi_plus_gutenberg_text_before_share":"","sfsi_plus_gutenberg_show_text_before_share":"","sfsi_plus_gutenberg_icon_type":"","sfsi_plus_gutenberg_icon_alignemt":"","sfsi_plus_gutenburg_max_per_row":"","footnotes":""},"categories":[50,2],"tags":[],"class_list":["post-110429","post","type-post","status-publish","format-standard","has-post-thumbnail","hentry","category-destaque","category-geral"],"_links":{"self":[{"href":"https:\/\/www.caririemacao.com\/1\/wp-json\/wp\/v2\/posts\/110429","targetHints":{"allow":["GET"]}}],"collection":[{"href":"https:\/\/www.caririemacao.com\/1\/wp-json\/wp\/v2\/posts"}],"about":[{"href":"https:\/\/www.caririemacao.com\/1\/wp-json\/wp\/v2\/types\/post"}],"author":[{"embeddable":true,"href":"https:\/\/www.caririemacao.com\/1\/wp-json\/wp\/v2\/users\/1"}],"replies":[{"embeddable":true,"href":"https:\/\/www.caririemacao.com\/1\/wp-json\/wp\/v2\/comments?post=110429"}],"version-history":[{"count":1,"href":"https:\/\/www.caririemacao.com\/1\/wp-json\/wp\/v2\/posts\/110429\/revisions"}],"predecessor-version":[{"id":110431,"href":"https:\/\/www.caririemacao.com\/1\/wp-json\/wp\/v2\/posts\/110429\/revisions\/110431"}],"wp:featuredmedia":[{"embeddable":true,"href":"https:\/\/www.caririemacao.com\/1\/wp-json\/wp\/v2\/media\/110430"}],"wp:attachment":[{"href":"https:\/\/www.caririemacao.com\/1\/wp-json\/wp\/v2\/media?parent=110429"}],"wp:term":[{"taxonomy":"category","embeddable":true,"href":"https:\/\/www.caririemacao.com\/1\/wp-json\/wp\/v2\/categories?post=110429"},{"taxonomy":"post_tag","embeddable":true,"href":"https:\/\/www.caririemacao.com\/1\/wp-json\/wp\/v2\/tags?post=110429"}],"curies":[{"name":"wp","href":"https:\/\/api.w.org\/{rel}","templated":true}]}}