{"id":110435,"date":"2019-08-15T14:50:28","date_gmt":"2019-08-15T17:50:28","guid":{"rendered":"http:\/\/www.caririemacao.com\/1\/?p=110435"},"modified":"2019-08-15T14:50:28","modified_gmt":"2019-08-15T17:50:28","slug":"bolsonaro-recebe-prefeito-de-miami-no-palacio-planalto","status":"publish","type":"post","link":"https:\/\/www.caririemacao.com\/1\/2019\/08\/15\/bolsonaro-recebe-prefeito-de-miami-no-palacio-planalto\/","title":{"rendered":"Bolsonaro recebe prefeito de Miami no Pal\u00e1cio Planalto"},"content":{"rendered":"\n<p>\u00a0O presidente Jair Bolsonaro recebeu hoje (15), no Pal\u00e1cio do Planalto, a visita do prefeito de Miami, Francis Xavier Suarez. Ao deixar o encontro, Suarez disse que o Brasil \u00e9 um parceiro estrat\u00e9gico para a cidade de Miami e que quer fortalecer projetos espec\u00edficos e acordos m\u00fatuos entre as localidades.<\/p>\n\n\n\n<p>De acordo com o prefeito, os n\u00fameros justificam a import\u00e2ncia do Brasil para a cidade, pois 300 mil brasileiros vivem na regi\u00e3o de Miami, um milh\u00e3o visitam o estado da Fl\u00f3rida e meio milh\u00e3o v\u00e3o \u00e0 cidade a cada ano. Suarez disse&nbsp; que convidou o presidente Bolsonaro para ir \u00e0 Miami, em setembro, durante sua passagem pelos Estados Unidos para participar da Assembleia Geral das Na\u00e7\u00f5es Unidas, em Nova York. \u201cEsperamos que ele aceite o convite\u201d, afirmou.<\/p>\n\n\n\n<figure class=\"wp-block-image\"><img decoding=\"async\" data-src=\"http:\/\/imagens.ebc.com.br\/QkIK5OV2Musycj3OPqeIxz4EZT8=\/754x0\/smart\/http:\/\/agenciabrasil.ebc.com.br\/sites\/default\/files\/thumbnails\/image\/miami_abr_150820195548.jpg?itok=IyTPU0xn\" alt=\" Francis Suarez, Prefeito de Miami,fala \u00e0 imprensa, ap\u00f3s reuni\u00e3o com o presidente Jair Bolsonaro.  \" src=\"data:image\/svg+xml;base64,PHN2ZyB3aWR0aD0iMSIgaGVpZ2h0PSIxIiB4bWxucz0iaHR0cDovL3d3dy53My5vcmcvMjAwMC9zdmciPjwvc3ZnPg==\" class=\"lazyload\" \/><\/figure>\n\n\n\n<p>O prefeito de Miami, Francis Suarez, conversou com jornalistas ap\u00f3s se reunir com o presidente Jair Bolsonaro &#8211;&nbsp;<strong>Marcelo Camargo\/Ag\u00eancia Brasil<\/strong><\/p>\n\n\n\n<p>Sobre a indica\u00e7\u00e3o do filho do presidente, Eduardo Bolsonaro, como embaixador nos Estados Unidos, Suarez disse que, independente de quem for o escolhido, os americanos o receber\u00e3o de \u201cbra\u00e7os abertos, especialmente se for o filho do presidente\u201d.<\/p>\n\n\n\n<p>Eduardo Bolsonaro participou do encontro, no Pal\u00e1cio do Planalto, e deixou Suarez impressionado \u201ccom a sua postura e sua capacidade de tratar das quest\u00f5es em diversas l\u00ednguas\u201d. Segundo o prefeito, eles conversaram em portugu\u00eas, espanhol e ingl\u00eas.<\/p>\n\n\n\n<p>Suarez disse ainda que teve uma excelente semana de trabalho no Brasil e que se sentiu uma receptividade calorosa em sua primeira viagem ao pa\u00eds. Ele desembarcou no Brasil na \u00faltima segunda-feira (12) e teve encontros com o governador de S\u00e3o Paulo, Jo\u00e3o Doria, e com prefeito da capital paulista, Bruno Covas.<\/p>\n\n\n\n<p>O prefeito tamb\u00e9m visitou o Rio de Janeiro e se reuniu com o governador do estado, Wilson Witzel, e com o prefeito Marcelo Crivella.<\/p>\n","protected":false},"excerpt":{"rendered":"<p>\u00a0O presidente Jair Bolsonaro recebeu hoje (15), no Pal\u00e1cio do Planalto, a visita do prefeito de Miami, Francis Xavier Suarez. Ao deixar o encontro, Suarez&hellip; <\/p>\n","protected":false},"author":1,"featured_media":109797,"comment_status":"closed","ping_status":"closed","sticky":false,"template":"","format":"standard","meta":{"sfsi_plus_gutenberg_text_before_share":"","sfsi_plus_gutenberg_show_text_before_share":"","sfsi_plus_gutenberg_icon_type":"","sfsi_plus_gutenberg_icon_alignemt":"","sfsi_plus_gutenburg_max_per_row":"","footnotes":""},"categories":[11],"tags":[],"class_list":["post-110435","post","type-post","status-publish","format-standard","has-post-thumbnail","hentry","category-politica"],"_links":{"self":[{"href":"https:\/\/www.caririemacao.com\/1\/wp-json\/wp\/v2\/posts\/110435","targetHints":{"allow":["GET"]}}],"collection":[{"href":"https:\/\/www.caririemacao.com\/1\/wp-json\/wp\/v2\/posts"}],"about":[{"href":"https:\/\/www.caririemacao.com\/1\/wp-json\/wp\/v2\/types\/post"}],"author":[{"embeddable":true,"href":"https:\/\/www.caririemacao.com\/1\/wp-json\/wp\/v2\/users\/1"}],"replies":[{"embeddable":true,"href":"https:\/\/www.caririemacao.com\/1\/wp-json\/wp\/v2\/comments?post=110435"}],"version-history":[{"count":1,"href":"https:\/\/www.caririemacao.com\/1\/wp-json\/wp\/v2\/posts\/110435\/revisions"}],"predecessor-version":[{"id":110436,"href":"https:\/\/www.caririemacao.com\/1\/wp-json\/wp\/v2\/posts\/110435\/revisions\/110436"}],"wp:featuredmedia":[{"embeddable":true,"href":"https:\/\/www.caririemacao.com\/1\/wp-json\/wp\/v2\/media\/109797"}],"wp:attachment":[{"href":"https:\/\/www.caririemacao.com\/1\/wp-json\/wp\/v2\/media?parent=110435"}],"wp:term":[{"taxonomy":"category","embeddable":true,"href":"https:\/\/www.caririemacao.com\/1\/wp-json\/wp\/v2\/categories?post=110435"},{"taxonomy":"post_tag","embeddable":true,"href":"https:\/\/www.caririemacao.com\/1\/wp-json\/wp\/v2\/tags?post=110435"}],"curies":[{"name":"wp","href":"https:\/\/api.w.org\/{rel}","templated":true}]}}