{"id":110439,"date":"2019-08-15T14:52:37","date_gmt":"2019-08-15T17:52:37","guid":{"rendered":"http:\/\/www.caririemacao.com\/1\/?p=110439"},"modified":"2019-08-15T14:52:37","modified_gmt":"2019-08-15T17:52:37","slug":"um-em-cada-quatro-desempregados-procura-emprego-ha-pelo-menos-2-anos","status":"publish","type":"post","link":"https:\/\/www.caririemacao.com\/1\/2019\/08\/15\/um-em-cada-quatro-desempregados-procura-emprego-ha-pelo-menos-2-anos\/","title":{"rendered":"Um em cada quatro desempregados procura emprego h\u00e1 pelo menos 2 anos"},"content":{"rendered":"\n<p>Um contingente de 3,35 milh\u00f5es de desempregados no pa\u00eds procura trabalho h\u00e1 pelo menos dois anos. Isso equivale a 26,2% (ou cerca de uma em cada quatro) pessoas no total de desocupados no Brasil. Os n\u00fameros, do segundo trimestre deste ano, s\u00e3o um recorde desde o in\u00edcio da s\u00e9rie hist\u00f3rica da Pesquisa Nacional por Amostra de Domic\u00edlios Cont\u00ednua (PNAD Cont\u00ednua), em 2012.<\/p>\n\n\n\n<p>Os dados foram divulgados hoje (15) pelo Instituto Brasileiro de Geografia e Estat\u00edstica (IBGE). Segundo os dados, no segundo trimestre de 2018 o contingente de desempregados procurando trabalho h\u00e1 no m\u00ednimo dois anos tinha menos 196 mil pessoas, ou seja, era de 3,15 milh\u00f5es.<\/p>\n\n\n\n<p>No segundo trimestre de 2015, esse n\u00famero era de 1,43 milh\u00e3o de pessoas, ou seja, menos da metade do segundo trimestre deste ano.<\/p>\n\n\n\n<p>\u201cA propor\u00e7\u00e3o de pessoas \u00e0 procura de trabalho em per\u00edodos mais curtos est\u00e1 diminuindo, mas tem crescido nos mais longos. Parte delas pode ter conseguido emprego, mas outra aumentou seu tempo de procura para os dois anos\u201d, avalia a analista da PNAD Cont\u00ednua Adriana Beringuy.<\/p>\n","protected":false},"excerpt":{"rendered":"<p>Um contingente de 3,35 milh\u00f5es de desempregados no pa\u00eds procura trabalho h\u00e1 pelo menos dois anos. Isso equivale a 26,2% (ou cerca de uma em&hellip; <\/p>\n","protected":false},"author":1,"featured_media":89733,"comment_status":"closed","ping_status":"closed","sticky":false,"template":"","format":"standard","meta":{"sfsi_plus_gutenberg_text_before_share":"","sfsi_plus_gutenberg_show_text_before_share":"","sfsi_plus_gutenberg_icon_type":"","sfsi_plus_gutenberg_icon_alignemt":"","sfsi_plus_gutenburg_max_per_row":"","footnotes":""},"categories":[6],"tags":[],"class_list":["post-110439","post","type-post","status-publish","format-standard","has-post-thumbnail","hentry","category-cidades"],"_links":{"self":[{"href":"https:\/\/www.caririemacao.com\/1\/wp-json\/wp\/v2\/posts\/110439","targetHints":{"allow":["GET"]}}],"collection":[{"href":"https:\/\/www.caririemacao.com\/1\/wp-json\/wp\/v2\/posts"}],"about":[{"href":"https:\/\/www.caririemacao.com\/1\/wp-json\/wp\/v2\/types\/post"}],"author":[{"embeddable":true,"href":"https:\/\/www.caririemacao.com\/1\/wp-json\/wp\/v2\/users\/1"}],"replies":[{"embeddable":true,"href":"https:\/\/www.caririemacao.com\/1\/wp-json\/wp\/v2\/comments?post=110439"}],"version-history":[{"count":1,"href":"https:\/\/www.caririemacao.com\/1\/wp-json\/wp\/v2\/posts\/110439\/revisions"}],"predecessor-version":[{"id":110440,"href":"https:\/\/www.caririemacao.com\/1\/wp-json\/wp\/v2\/posts\/110439\/revisions\/110440"}],"wp:featuredmedia":[{"embeddable":true,"href":"https:\/\/www.caririemacao.com\/1\/wp-json\/wp\/v2\/media\/89733"}],"wp:attachment":[{"href":"https:\/\/www.caririemacao.com\/1\/wp-json\/wp\/v2\/media?parent=110439"}],"wp:term":[{"taxonomy":"category","embeddable":true,"href":"https:\/\/www.caririemacao.com\/1\/wp-json\/wp\/v2\/categories?post=110439"},{"taxonomy":"post_tag","embeddable":true,"href":"https:\/\/www.caririemacao.com\/1\/wp-json\/wp\/v2\/tags?post=110439"}],"curies":[{"name":"wp","href":"https:\/\/api.w.org\/{rel}","templated":true}]}}