{"id":110445,"date":"2019-08-15T14:55:59","date_gmt":"2019-08-15T17:55:59","guid":{"rendered":"http:\/\/www.caririemacao.com\/1\/?p=110445"},"modified":"2019-08-15T14:55:59","modified_gmt":"2019-08-15T17:55:59","slug":"aviao-com-mais-de-200-passageiros-faz-pouso-de-emergencia-em-milharal-apos-colidir-com-passaros-na-russia","status":"publish","type":"post","link":"https:\/\/www.caririemacao.com\/1\/2019\/08\/15\/aviao-com-mais-de-200-passageiros-faz-pouso-de-emergencia-em-milharal-apos-colidir-com-passaros-na-russia\/","title":{"rendered":"Avi\u00e3o com mais de 200 passageiros faz pouso de emerg\u00eancia em milharal ap\u00f3s colidir com p\u00e1ssaros na R\u00fassia"},"content":{"rendered":"\n<p>Um Airbus A321 da Ural Airlines, com 226 passageiros e 7 tripulantes a bordo, fez um pouso de emerg\u00eancia nesta quinta-feira (15) em um milharal na regi\u00e3o de Moscou, ap\u00f3s colidir com um bando de p\u00e1ssaros, informaram autoridades russas.<\/p>\n\n\n\n<p>O Minist\u00e9rio da Sa\u00fade da R\u00fassia informou que 23 pessoas, incluindo nove crian\u00e7as, ficaram feridas e foram hospitalizadas.<\/p>\n\n\n\n<p>A aeronave colidiu com a revoada de p\u00e1ssaros logo depois de decolar do aeroporto de Jukovki, nos sub\u00farbios de Moscou, \u00e0s 3h20 (hor\u00e1rio de Bras\u00edlia), informou a ag\u00eancia russa de transporte a\u00e9reo federal (Rosaviatsia) em um comunicado.<\/p>\n\n\n\n<p>O destino do voo era Simferopol, a principal cidade da pen\u00ednsula ucraniana da Crimeia, anexada pela R\u00fassia em 2014.<\/p>\n\n\n\n<p>V\u00e1rias aves \u201catrapalharam a opera\u00e7\u00e3o dos motores\u201d e a tripula\u00e7\u00e3o decidiu fazer um pouso de emerg\u00eancia, diz a nota.<\/p>\n\n\n\n<p>O pouso em um milharal, localizado a 1 km da pista, foi feito sem o trem de pouso.<\/p>\n\n\n\n<p>O Comit\u00ea de Investiga\u00e7\u00e3o da R\u00fassia vai apurar o incidente.<\/p>\n","protected":false},"excerpt":{"rendered":"<p>Um Airbus A321 da Ural Airlines, com 226 passageiros e 7 tripulantes a bordo, fez um pouso de emerg\u00eancia nesta quinta-feira (15) em um milharal&hellip; <\/p>\n","protected":false},"author":1,"featured_media":110446,"comment_status":"closed","ping_status":"closed","sticky":false,"template":"","format":"standard","meta":{"sfsi_plus_gutenberg_text_before_share":"","sfsi_plus_gutenberg_show_text_before_share":"","sfsi_plus_gutenberg_icon_type":"","sfsi_plus_gutenberg_icon_alignemt":"","sfsi_plus_gutenburg_max_per_row":"","footnotes":""},"categories":[2],"tags":[],"class_list":["post-110445","post","type-post","status-publish","format-standard","has-post-thumbnail","hentry","category-geral"],"_links":{"self":[{"href":"https:\/\/www.caririemacao.com\/1\/wp-json\/wp\/v2\/posts\/110445","targetHints":{"allow":["GET"]}}],"collection":[{"href":"https:\/\/www.caririemacao.com\/1\/wp-json\/wp\/v2\/posts"}],"about":[{"href":"https:\/\/www.caririemacao.com\/1\/wp-json\/wp\/v2\/types\/post"}],"author":[{"embeddable":true,"href":"https:\/\/www.caririemacao.com\/1\/wp-json\/wp\/v2\/users\/1"}],"replies":[{"embeddable":true,"href":"https:\/\/www.caririemacao.com\/1\/wp-json\/wp\/v2\/comments?post=110445"}],"version-history":[{"count":1,"href":"https:\/\/www.caririemacao.com\/1\/wp-json\/wp\/v2\/posts\/110445\/revisions"}],"predecessor-version":[{"id":110447,"href":"https:\/\/www.caririemacao.com\/1\/wp-json\/wp\/v2\/posts\/110445\/revisions\/110447"}],"wp:featuredmedia":[{"embeddable":true,"href":"https:\/\/www.caririemacao.com\/1\/wp-json\/wp\/v2\/media\/110446"}],"wp:attachment":[{"href":"https:\/\/www.caririemacao.com\/1\/wp-json\/wp\/v2\/media?parent=110445"}],"wp:term":[{"taxonomy":"category","embeddable":true,"href":"https:\/\/www.caririemacao.com\/1\/wp-json\/wp\/v2\/categories?post=110445"},{"taxonomy":"post_tag","embeddable":true,"href":"https:\/\/www.caririemacao.com\/1\/wp-json\/wp\/v2\/tags?post=110445"}],"curies":[{"name":"wp","href":"https:\/\/api.w.org\/{rel}","templated":true}]}}