{"id":110452,"date":"2019-08-15T15:51:35","date_gmt":"2019-08-15T18:51:35","guid":{"rendered":"http:\/\/www.caririemacao.com\/1\/?p=110452"},"modified":"2019-08-15T15:51:35","modified_gmt":"2019-08-15T18:51:35","slug":"especialista-explica-o-porque-de-nem-toda-gestacao-ser-um-mar-de-rosas","status":"publish","type":"post","link":"https:\/\/www.caririemacao.com\/1\/2019\/08\/15\/especialista-explica-o-porque-de-nem-toda-gestacao-ser-um-mar-de-rosas\/","title":{"rendered":"Especialista explica o porqu\u00ea de nem toda gesta\u00e7\u00e3o ser um \u201cmar de rosas\u201d"},"content":{"rendered":"\n<p>irmar uma gravidez provoca na mulher uma s\u00e9rie de sentimentos, d\u00favidas e tamb\u00e9m inc\u00f4modos. Sim! A gravidez nem sempre \u00e9 um \u2018mar de rosas\u2019 para as mulheres. Muitas passam por v\u00e1rios desconfortos ao longo das semanas de gesta\u00e7\u00e3o.<\/p>\n\n\n\n<p>Tonturas e esquecimento foram os primeiros sintomas que a jornalista Diva Monteiro percebeu ao descobrir que estava gr\u00e1vida. Por volta da oitava semana de gesta\u00e7\u00e3o o famoso e t\u00e3o temido enjoo tamb\u00e9m bateu \u00e0 porta e, atualmente, com 15 semanas, os inc\u00f4modos s\u00f3 aumentam.<\/p>\n\n\n\n<p>\u201cAl\u00e9m dos enjoos tenho sentido muita fadiga e as dores no quadril percebo que est\u00e3o aumentando e, \u00e0s vezes, tamb\u00e9m sinto umas dores agudas na regi\u00e3o dos seios\u201d, afirma a gravidinha de primeira viagem.<\/p>\n\n\n\n<p>Mas quem pensa que apenas \u2018mulheres comuns\u2019 passam por essa fase durante uma gesta\u00e7\u00e3o est\u00e1 bem enganado. Constantemente, a atriz e apresentadora do Lady Night, Tat\u00e1 Werneck, compartilha, do jeito dela, nas redes sociais os inc\u00f4modos que tem sofrido durante a gesta\u00e7\u00e3o. \u201cUm neg\u00f3cio que d\u00e1 muito enjoo e voc\u00ea tem vontade de vomitar todos os seus \u00f3rg\u00e3os no tapete da sala\u201d, explica a atriz sobre o problema.<\/p>\n\n\n\n<p>Olhar-se diante do espelho e n\u00e3o sentir-se mais a mesma. As roupas ficando pequenas. Dores de cabe\u00e7a, nas costas, incha\u00e7o nas pernas, azia, inc\u00f4modo na regi\u00e3o p\u00e9lvica e o surgimento de acne todos esses s\u00e3o alguns dos sintomas que muitas mulheres enfrentam durante a gravidez.<\/p>\n\n\n\n<p>Apesar de serem sinais caracter\u00edsticos da gesta\u00e7\u00e3o o coordenador de ginecologia e obstetr\u00edcia do Hapvida em Jo\u00e3o Pessoa, Romeu Menezes Neto, alerta que cada mulher \u00e9 um ser individual e n\u00e3o deve ser vista ou tratada de forma coletiva.<\/p>\n\n\n\n<p>\u201cDo jeito que uma gesta\u00e7\u00e3o pode progredir de forma tranquila para algumas mulheres, para outras pode ser um per\u00edodo de muitos cuidados. O exemplo disso \u00e9 o fato de existir mulheres que sentem enjoo, outras n\u00e3o. Umas sentem dor na coluna outras n\u00e3o. Cada mulher \u00e9 um ser individual e precisa ser visto nesse sentido tamb\u00e9m nesta fase da vida\u201d, destaca Romeu.<\/p>\n\n\n\n<p>O especialista explica que uma ocorr\u00eancia comum entre as gestantes \u00e9 o medo do \u2018que aconte\u00e7a comigo o que aconteceu com ela\u2019. Nesse sentido, o m\u00e9dico ressalta a import\u00e2ncia da realiza\u00e7\u00e3o do pr\u00e9-natal de forma correta.<\/p>\n\n\n\n<figure class=\"wp-block-image\"><img decoding=\"async\" data-src=\"https:\/\/paraibaonline.com.br\/wp-content\/uploads\/2019\/08\/gravidez-ascom.jpg\" alt=\"Foto: Ascom\" class=\"wp-image-758430 lazyload\" src=\"data:image\/svg+xml;base64,PHN2ZyB3aWR0aD0iMSIgaGVpZ2h0PSIxIiB4bWxucz0iaHR0cDovL3d3dy53My5vcmcvMjAwMC9zdmciPjwvc3ZnPg==\" \/><\/figure>\n\n\n\n<p>Foto: Ascom<\/p>\n\n\n\n<p>\u201cA gente luta para que as mulheres se esforcem para comparecerem ao pr\u00e9-natal dentro do recomendado porque isso possibilita que a gestante tenha o direito de sanar as d\u00favidas com o obstetra. Pois quando se tira a d\u00favida com uma vizinha, em grupos de WhatsApp, etc pode ocorrer da experi\u00eancia de outra mulher gerar medo nessa gestante\u201d, explica o obstetra.<\/p>\n\n\n\n<p>Fatores est\u00e9ticos \u2013 Ao longo das 40 semanas de gesta\u00e7\u00e3o, muitas mudan\u00e7as, inclusive, f\u00edsicas acontecem no corpo de uma mulher. Essa \u00e9 uma fase em que acaba sendo comum algumas gestantes n\u00e3o gostarem da imagem que v\u00eaem refletida diante do espelho ou perceberem certa mudan\u00e7a no aspecto visual. Foi o que aconteceu com a jornalista Diva.<\/p>\n\n\n\n<p>\u201cJ\u00e1 notei que surgiram acnes em meu rosto e outra mudan\u00e7a percept\u00edvel \u00e9 em rela\u00e7\u00e3o \u00e0 fibra do meu cabelo, como ele \u00e9 cacheado, tenho notado ele mais fofo e tamb\u00e9m mais ressecado\u201d, afirma.<\/p>\n\n\n\n<p>A cantora Mar\u00edlia Mendon\u00e7a, que tamb\u00e9m est\u00e1 em sua primeira gesta\u00e7\u00e3o, \u00e9 mais uma gr\u00e1vida que se enquadra no perfil das mulheres que n\u00e3o est\u00e3o gostando da imagem que v\u00eaem no espelho nessa fase gestacional. A artista n\u00e3o entrou em detalhes, mas revelou que tem enfrentado problema de auto estima, e em uma rede social afirmou: \u201cFaz tempo que n\u00e3o me acho bonita, inclusive desde que eu descobri que estava gr\u00e1vida\u201d.<\/p>\n\n\n\n<p>Diante de tais fatos, Romeu defende que os casos em que as gestantes se acham feias \u00e9 uma esp\u00e9cie de mito. Tendo em vista, que toda mudan\u00e7a \u00e9 fisiol\u00f3gica e faz parte do processo de forma\u00e7\u00e3o do novo indiv\u00edduo que est\u00e1 sendo gerado.<\/p>\n\n\n\n<p>\u201cAs mulheres precisam entender que uma s\u00e9rie de fatores fisiol\u00f3gicos envolve o per\u00edodo gestacional, sendo assim, ap\u00f3s o nascimento da crian\u00e7a o corpo volta a ser o que era. N\u00e3o vou negar que pode ocorrer da mulher vir a apresentar flacidez em alguma parte do corpo. Mas em casos como esses s\u00e3o necess\u00e1rios a pr\u00e1tica de atividade f\u00edsica e dieta, o que possibilita que a mulher volte ao corpo que tinha antes da gesta\u00e7\u00e3o\u201d, ressalta o coordenador de ginecologia e obstetr\u00edcia do Hapvida em Jo\u00e3o Pessoa.<\/p>\n\n\n\n<p>O m\u00e9dico Romeu Menezes Neto ainda explicou que o escurecimento e aparecimento de manchas na pele tamb\u00e9m \u00e9 um processo natural da gesta\u00e7\u00e3o.<\/p>\n\n\n\n<p>\u201cExistem algumas manchas que s\u00e3o comuns em mulheres gr\u00e1vidas como o escurecimento do bico do peito, da vulva, surge \u00e0 m\u00e1scara grav\u00eddica no rosto das mulheres, mas tudo desaparece ap\u00f3s o nascimento do beb\u00ea. Agora durante a gesta\u00e7\u00e3o a pele da mulher estica e podem surgir as estrias que tendem a n\u00e3o sumir. Por\u00e9m, isso tamb\u00e9m \u00e9 fisiol\u00f3gico\u201d, explica e acrescenta \u201cpor isso indicamos o uso de alguns cremes hidratantes e ingest\u00e3o de bastante \u00e1gua para evitar essas manchas\u201d, conclui.<\/p>\n","protected":false},"excerpt":{"rendered":"<p>irmar uma gravidez provoca na mulher uma s\u00e9rie de sentimentos, d\u00favidas e tamb\u00e9m inc\u00f4modos. Sim! A gravidez nem sempre \u00e9 um \u2018mar de rosas\u2019 para&hellip; <\/p>\n","protected":false},"author":1,"featured_media":106028,"comment_status":"closed","ping_status":"closed","sticky":false,"template":"","format":"standard","meta":{"sfsi_plus_gutenberg_text_before_share":"","sfsi_plus_gutenberg_show_text_before_share":"","sfsi_plus_gutenberg_icon_type":"","sfsi_plus_gutenberg_icon_alignemt":"","sfsi_plus_gutenburg_max_per_row":"","footnotes":""},"categories":[2],"tags":[],"class_list":["post-110452","post","type-post","status-publish","format-standard","has-post-thumbnail","hentry","category-geral"],"_links":{"self":[{"href":"https:\/\/www.caririemacao.com\/1\/wp-json\/wp\/v2\/posts\/110452","targetHints":{"allow":["GET"]}}],"collection":[{"href":"https:\/\/www.caririemacao.com\/1\/wp-json\/wp\/v2\/posts"}],"about":[{"href":"https:\/\/www.caririemacao.com\/1\/wp-json\/wp\/v2\/types\/post"}],"author":[{"embeddable":true,"href":"https:\/\/www.caririemacao.com\/1\/wp-json\/wp\/v2\/users\/1"}],"replies":[{"embeddable":true,"href":"https:\/\/www.caririemacao.com\/1\/wp-json\/wp\/v2\/comments?post=110452"}],"version-history":[{"count":1,"href":"https:\/\/www.caririemacao.com\/1\/wp-json\/wp\/v2\/posts\/110452\/revisions"}],"predecessor-version":[{"id":110453,"href":"https:\/\/www.caririemacao.com\/1\/wp-json\/wp\/v2\/posts\/110452\/revisions\/110453"}],"wp:featuredmedia":[{"embeddable":true,"href":"https:\/\/www.caririemacao.com\/1\/wp-json\/wp\/v2\/media\/106028"}],"wp:attachment":[{"href":"https:\/\/www.caririemacao.com\/1\/wp-json\/wp\/v2\/media?parent=110452"}],"wp:term":[{"taxonomy":"category","embeddable":true,"href":"https:\/\/www.caririemacao.com\/1\/wp-json\/wp\/v2\/categories?post=110452"},{"taxonomy":"post_tag","embeddable":true,"href":"https:\/\/www.caririemacao.com\/1\/wp-json\/wp\/v2\/tags?post=110452"}],"curies":[{"name":"wp","href":"https:\/\/api.w.org\/{rel}","templated":true}]}}