{"id":110464,"date":"2019-08-15T17:57:52","date_gmt":"2019-08-15T20:57:52","guid":{"rendered":"http:\/\/www.caririemacao.com\/1\/?p=110464"},"modified":"2019-08-15T17:57:52","modified_gmt":"2019-08-15T20:57:52","slug":"goleiro-e-artilheiro-seguem-ausentes-dos-treinamentos-do-treze","status":"publish","type":"post","link":"https:\/\/www.caririemacao.com\/1\/2019\/08\/15\/goleiro-e-artilheiro-seguem-ausentes-dos-treinamentos-do-treze\/","title":{"rendered":"Goleiro e artilheiro seguem ausentes dos treinamentos do Treze"},"content":{"rendered":"\n<p><br>Com os port\u00f5es do est\u00e1dio Presidente Vargas abertos para torcida e imprensa, o treinador Celso Teixeira, que finalmente est\u00e1 liberado para trabalhar da \u00e1rea t\u00e9cnica, comandou mais um trabalho t\u00e1tico com os jogadores do Treze na tarde desta quinta-feira (15).<\/p>\n\n\n\n<p>O profissional teve seu contrato com o Galo registrado ontem e seu nome foi publicado no BID alvinegro.<\/p>\n\n\n\n<figure class=\"wp-block-image\"><img decoding=\"async\" data-src=\"https:\/\/paraibaonline.com.br\/wp-content\/uploads\/2019\/08\/Celso_elenco_Treze.jpg\" alt=\"\" class=\"wp-image-758454 lazyload\" src=\"data:image\/svg+xml;base64,PHN2ZyB3aWR0aD0iMSIgaGVpZ2h0PSIxIiB4bWxucz0iaHR0cDovL3d3dy53My5vcmcvMjAwMC9zdmciPjwvc3ZnPg==\" \/><\/figure>\n\n\n\n<p>Foto: Divulga\u00e7\u00e3o \u2013 Bruno Rafael \/ R\u00e1dio CBN<\/p>\n\n\n\n<p>Isso representa a libera\u00e7\u00e3o para o comandante atuar na orla do gramado no pr\u00f3ximo domingo, quando os paraibanos enfrentam o Confian\u00e7a, \u00e0s 16h, no Batist\u00e3o, pela 17\u00aa rodada do Grupo A da S\u00e9rie C.<\/p>\n\n\n\n<p>Antes do treino come\u00e7ar Celso concedeu entrevista coletiva. Ele afirmou que ainda n\u00e3o definiu o time para a decisiva partida, mas garantiu que o plantel trezeano est\u00e1 consciente de que a equipe precisa pontuar em Aracaju.<\/p>\n\n\n\n<p>Na atividade, ap\u00f3s o aquecimento, o treinador dividiu o elenco em tr\u00eas times e comandou um trabalho t\u00e1tico.<\/p>\n\n\n\n<p>O goleiro Mauro Iguatu, se recuperando de les\u00e3o no quadril, e o artilheiro Eduardo, com um inc\u00f4modo no adutor da coxa direita, n\u00e3o foram para o gramado e seguem como d\u00favidas.<\/p>\n\n\n\n<p>O elenco galista volta a trabalhar na manh\u00e3 desta sexta-feira, novamente no PV. \u00c0 tarde, ap\u00f3s o almo\u00e7o, a delega\u00e7\u00e3o embarca para Aracaju.<\/p>\n","protected":false},"excerpt":{"rendered":"<p>Com os port\u00f5es do est\u00e1dio Presidente Vargas abertos para torcida e imprensa, o treinador Celso Teixeira, que finalmente est\u00e1 liberado para trabalhar da \u00e1rea t\u00e9cnica,&hellip; <\/p>\n","protected":false},"author":1,"featured_media":110465,"comment_status":"closed","ping_status":"closed","sticky":false,"template":"","format":"standard","meta":{"sfsi_plus_gutenberg_text_before_share":"","sfsi_plus_gutenberg_show_text_before_share":"","sfsi_plus_gutenberg_icon_type":"","sfsi_plus_gutenberg_icon_alignemt":"","sfsi_plus_gutenburg_max_per_row":"","footnotes":""},"categories":[13],"tags":[],"class_list":["post-110464","post","type-post","status-publish","format-standard","has-post-thumbnail","hentry","category-esportes"],"_links":{"self":[{"href":"https:\/\/www.caririemacao.com\/1\/wp-json\/wp\/v2\/posts\/110464","targetHints":{"allow":["GET"]}}],"collection":[{"href":"https:\/\/www.caririemacao.com\/1\/wp-json\/wp\/v2\/posts"}],"about":[{"href":"https:\/\/www.caririemacao.com\/1\/wp-json\/wp\/v2\/types\/post"}],"author":[{"embeddable":true,"href":"https:\/\/www.caririemacao.com\/1\/wp-json\/wp\/v2\/users\/1"}],"replies":[{"embeddable":true,"href":"https:\/\/www.caririemacao.com\/1\/wp-json\/wp\/v2\/comments?post=110464"}],"version-history":[{"count":1,"href":"https:\/\/www.caririemacao.com\/1\/wp-json\/wp\/v2\/posts\/110464\/revisions"}],"predecessor-version":[{"id":110466,"href":"https:\/\/www.caririemacao.com\/1\/wp-json\/wp\/v2\/posts\/110464\/revisions\/110466"}],"wp:featuredmedia":[{"embeddable":true,"href":"https:\/\/www.caririemacao.com\/1\/wp-json\/wp\/v2\/media\/110465"}],"wp:attachment":[{"href":"https:\/\/www.caririemacao.com\/1\/wp-json\/wp\/v2\/media?parent=110464"}],"wp:term":[{"taxonomy":"category","embeddable":true,"href":"https:\/\/www.caririemacao.com\/1\/wp-json\/wp\/v2\/categories?post=110464"},{"taxonomy":"post_tag","embeddable":true,"href":"https:\/\/www.caririemacao.com\/1\/wp-json\/wp\/v2\/tags?post=110464"}],"curies":[{"name":"wp","href":"https:\/\/api.w.org\/{rel}","templated":true}]}}