{"id":110476,"date":"2019-08-15T22:55:30","date_gmt":"2019-08-16T01:55:30","guid":{"rendered":"http:\/\/www.caririemacao.com\/1\/?p=110476"},"modified":"2019-08-15T22:55:30","modified_gmt":"2019-08-16T01:55:30","slug":"bandidos-fazem-arrastao-na-cidade-de-amparo-e-levam-varios-objetos-e-dinheiro","status":"publish","type":"post","link":"https:\/\/www.caririemacao.com\/1\/2019\/08\/15\/bandidos-fazem-arrastao-na-cidade-de-amparo-e-levam-varios-objetos-e-dinheiro\/","title":{"rendered":"Bandidos fazem arrast\u00e3o na cidade de Amparo e levam v\u00e1rios objetos e dinheiro"},"content":{"rendered":"\n<p>Dois criminosos armados fizeram um arrast\u00e3o na cidade de Amparo-PB na noite desta quinta-feira (15). Os bandidos abordaram cerca de 5 vitimas levando celulares, rel\u00f3gio e uma quantia em dinheiro.<\/p>\n\n\n\n<p>O crime ocorreu por volta de 20h00min na Pra\u00e7a Miguel Pereira, no centro da cidade, quando dois bandidos armados aproximaram-se das v\u00edtimas e anunciaram o assalto. Segundo informa\u00e7\u00f5es, quatro celulares foram subtra\u00eddos na a\u00e7\u00e3o.<\/p>\n\n\n\n<p>Antes da abordagem na pra\u00e7a, os bandidos tamb\u00e9m abordaram um jovem na porta de sua casa, levando seu rel\u00f3gio e uma quantia em dinheiro.<\/p>\n\n\n\n<p>A Pol\u00edcia Militar j\u00e1 foi acionada pelos moradores, os bandidos fugiram em dire\u00e7\u00e3o a sa\u00edda para o sitio Jatob\u00e1.<\/p>\n\n\n\n<p><em>Informa\u00e7\u00f5es Amparo Ligado<\/em><\/p>\n","protected":false},"excerpt":{"rendered":"<p>Dois criminosos armados fizeram um arrast\u00e3o na cidade de Amparo-PB na noite desta quinta-feira (15). Os bandidos abordaram cerca de 5 vitimas levando celulares, rel\u00f3gio&hellip; <\/p>\n","protected":false},"author":2,"featured_media":25619,"comment_status":"closed","ping_status":"closed","sticky":false,"template":"","format":"standard","meta":{"sfsi_plus_gutenberg_text_before_share":"","sfsi_plus_gutenberg_show_text_before_share":"","sfsi_plus_gutenberg_icon_type":"","sfsi_plus_gutenberg_icon_alignemt":"","sfsi_plus_gutenburg_max_per_row":"","footnotes":""},"categories":[50,12],"tags":[],"class_list":["post-110476","post","type-post","status-publish","format-standard","has-post-thumbnail","hentry","category-destaque","category-policia"],"_links":{"self":[{"href":"https:\/\/www.caririemacao.com\/1\/wp-json\/wp\/v2\/posts\/110476","targetHints":{"allow":["GET"]}}],"collection":[{"href":"https:\/\/www.caririemacao.com\/1\/wp-json\/wp\/v2\/posts"}],"about":[{"href":"https:\/\/www.caririemacao.com\/1\/wp-json\/wp\/v2\/types\/post"}],"author":[{"embeddable":true,"href":"https:\/\/www.caririemacao.com\/1\/wp-json\/wp\/v2\/users\/2"}],"replies":[{"embeddable":true,"href":"https:\/\/www.caririemacao.com\/1\/wp-json\/wp\/v2\/comments?post=110476"}],"version-history":[{"count":1,"href":"https:\/\/www.caririemacao.com\/1\/wp-json\/wp\/v2\/posts\/110476\/revisions"}],"predecessor-version":[{"id":110477,"href":"https:\/\/www.caririemacao.com\/1\/wp-json\/wp\/v2\/posts\/110476\/revisions\/110477"}],"wp:featuredmedia":[{"embeddable":true,"href":"https:\/\/www.caririemacao.com\/1\/wp-json\/wp\/v2\/media\/25619"}],"wp:attachment":[{"href":"https:\/\/www.caririemacao.com\/1\/wp-json\/wp\/v2\/media?parent=110476"}],"wp:term":[{"taxonomy":"category","embeddable":true,"href":"https:\/\/www.caririemacao.com\/1\/wp-json\/wp\/v2\/categories?post=110476"},{"taxonomy":"post_tag","embeddable":true,"href":"https:\/\/www.caririemacao.com\/1\/wp-json\/wp\/v2\/tags?post=110476"}],"curies":[{"name":"wp","href":"https:\/\/api.w.org\/{rel}","templated":true}]}}