{"id":110478,"date":"2019-08-15T23:03:26","date_gmt":"2019-08-16T02:03:26","guid":{"rendered":"http:\/\/www.caririemacao.com\/1\/?p=110478"},"modified":"2019-08-15T23:03:26","modified_gmt":"2019-08-16T02:03:26","slug":"vereadores-de-amparo-aprovam-contas-do-prefeito-inacio","status":"publish","type":"post","link":"https:\/\/www.caririemacao.com\/1\/2019\/08\/15\/vereadores-de-amparo-aprovam-contas-do-prefeito-inacio\/","title":{"rendered":"Vereadores de Amparo aprovam contas do prefeito In\u00e1cio"},"content":{"rendered":"\n<p>Foi realizada na noite desta quinta-feira (15) mais uma sess\u00e3o parlamentar na C\u00e2mara de Vereadores de Amparo, presentes estiveram todos os vereadores.<\/p>\n\n\n\n<p>Na mat\u00e9ria do dia, apenas a vota\u00e7\u00e3o das contas do Prefeito In\u00e1cio N\u00f3brega referentes ao exerc\u00edcio de 2017.<\/p>\n\n\n\n<p>Com 9 votos favor\u00e1veis e nenhum contra, a C\u00e2mara de Vereadores aprovou as contas do prefeito In\u00e1cio. Na pr\u00e1tica, o plen\u00e1rio acompanhou o parecer favor\u00e1vel do Tribunal de Contas do Estado da Para\u00edba.<\/p>\n\n\n\n<p>A mat\u00e9ria foi votada em plen\u00e1rio na Sess\u00e3o Ordin\u00e1ria ocorrida nesta quinta-feira (15).<\/p>\n\n\n\n<p>No grande expediente, os vereadores parabenizam o prefeito pela aprova\u00e7\u00e3o. <\/p>\n\n\n\n<p>Amparo Ligado<\/p>\n","protected":false},"excerpt":{"rendered":"<p>Foi realizada na noite desta quinta-feira (15) mais uma sess\u00e3o parlamentar na C\u00e2mara de Vereadores de Amparo, presentes estiveram todos os vereadores. Na mat\u00e9ria do&hellip; <\/p>\n","protected":false},"author":2,"featured_media":110479,"comment_status":"closed","ping_status":"closed","sticky":false,"template":"","format":"standard","meta":{"sfsi_plus_gutenberg_text_before_share":"","sfsi_plus_gutenberg_show_text_before_share":"","sfsi_plus_gutenberg_icon_type":"","sfsi_plus_gutenberg_icon_alignemt":"","sfsi_plus_gutenburg_max_per_row":"","footnotes":""},"categories":[50,2],"tags":[],"class_list":["post-110478","post","type-post","status-publish","format-standard","has-post-thumbnail","hentry","category-destaque","category-geral"],"_links":{"self":[{"href":"https:\/\/www.caririemacao.com\/1\/wp-json\/wp\/v2\/posts\/110478","targetHints":{"allow":["GET"]}}],"collection":[{"href":"https:\/\/www.caririemacao.com\/1\/wp-json\/wp\/v2\/posts"}],"about":[{"href":"https:\/\/www.caririemacao.com\/1\/wp-json\/wp\/v2\/types\/post"}],"author":[{"embeddable":true,"href":"https:\/\/www.caririemacao.com\/1\/wp-json\/wp\/v2\/users\/2"}],"replies":[{"embeddable":true,"href":"https:\/\/www.caririemacao.com\/1\/wp-json\/wp\/v2\/comments?post=110478"}],"version-history":[{"count":1,"href":"https:\/\/www.caririemacao.com\/1\/wp-json\/wp\/v2\/posts\/110478\/revisions"}],"predecessor-version":[{"id":110480,"href":"https:\/\/www.caririemacao.com\/1\/wp-json\/wp\/v2\/posts\/110478\/revisions\/110480"}],"wp:featuredmedia":[{"embeddable":true,"href":"https:\/\/www.caririemacao.com\/1\/wp-json\/wp\/v2\/media\/110479"}],"wp:attachment":[{"href":"https:\/\/www.caririemacao.com\/1\/wp-json\/wp\/v2\/media?parent=110478"}],"wp:term":[{"taxonomy":"category","embeddable":true,"href":"https:\/\/www.caririemacao.com\/1\/wp-json\/wp\/v2\/categories?post=110478"},{"taxonomy":"post_tag","embeddable":true,"href":"https:\/\/www.caririemacao.com\/1\/wp-json\/wp\/v2\/tags?post=110478"}],"curies":[{"name":"wp","href":"https:\/\/api.w.org\/{rel}","templated":true}]}}