{"id":110509,"date":"2019-08-16T08:36:57","date_gmt":"2019-08-16T11:36:57","guid":{"rendered":"http:\/\/www.caririemacao.com\/1\/?p=110509"},"modified":"2019-08-16T08:36:57","modified_gmt":"2019-08-16T11:36:57","slug":"pizza-no-cafe-da-manha-e-mais-saudavel-do-que-cereal-diz-nutricionista","status":"publish","type":"post","link":"https:\/\/www.caririemacao.com\/1\/2019\/08\/16\/pizza-no-cafe-da-manha-e-mais-saudavel-do-que-cereal-diz-nutricionista\/","title":{"rendered":"Pizza no caf\u00e9 da manh\u00e3 \u00e9 mais saud\u00e1vel do que cereal, diz nutricionista"},"content":{"rendered":"\n<p>De acordo com a nutricionista americana Chelsey Amer, uma fatia de pizza e uma tigela de cereal matinal com leite cont\u00eam quase a mesma quantidade de calorias &#8212; por\u00e9m, a pizza pode ser mais nutritiva do que certos cereais que s\u00e3o ricos em a\u00e7\u00facar, corantes e sabores artificiais e pouca prote\u00edna.<br><\/p>\n\n\n\n<p>Isso n\u00e3o quer dizer que comer pizza no caf\u00e9 da manh\u00e3 \u00e9 sin\u00f4nimo de uma alimenta\u00e7\u00e3o saud\u00e1vel. Muito pelo contr\u00e1rio &#8212; um peda\u00e7o de pizza \u00e9 rico em gorduras e carboidratos. Al\u00e9m disso, dificilmente uma pessoa com muita fome pela manh\u00e3 vai se contentar com apenas uma fatia.<\/p>\n\n\n\n<p>Mas, a quest\u00e3o levantada pela nutricionista Chelsey Amer \u00e9 alertar sobre maus h\u00e1bitos alimentares que passam despercebidos no dia a dia. &#8220;\u00c9 surpreendente saber que uma fatia simples de pizza e uma tigela de cereal para crian\u00e7as com leite cont\u00eam a mesma quantidade de calorias&#8221;, explicou Amer ao The Daily Meal.<\/p>\n\n\n\n<p>&#8220;Pizza tem mais prote\u00edna e ingredientes que te deixar\u00e3o mais satisfeito e com energia por mais tempo do que um cereal. Al\u00e9m disso, a pizza pode conter mais gordura e bem menos a\u00e7\u00facar, ent\u00e3o voc\u00ea n\u00e3o vai ter um pico de insulina. Por isso, pizza pode ser um caf\u00e9 da manh\u00e3 mais saud\u00e1vel e nutritivo que um cereal, sim.&#8221;<\/p>\n\n\n\n<p>Por\u00e9m, pizza est\u00e1 longe de ser uma op\u00e7\u00e3o saud\u00e1vel. &#8220;\u00c9 verdade que uma pizza pode ser uma refei\u00e7\u00e3o mais balanceada do que um cereal, pois cont\u00e9m prote\u00edna, carboidrato e algumas gorduras essenciais, mas n\u00e3o se pode dizer que ela \u00e9 uma escolha ideal para a primeira refei\u00e7\u00e3o do dia&#8221;, explica a nutricionista brit\u00e2nica Rhiannon Lambert ao jornal The Independent. Ela lembra que tudo depende do cereal e do recheio da pizza que voc\u00ea escolher.<\/p>\n\n\n\n<p>Hoje existem diversos cereais matinais, com menos a\u00e7\u00facar e gordura e feitos de gr\u00e3os integrais, ricos em fibras e vitaminas. Por outro lado, como muitos j\u00e1 sabem, alguns sabores de pizzas pode ser bem cal\u00f3ricos.<\/p>\n\n\n\n<p>A melhor escolha, segundo nutricionistas, \u00e9 ter um caf\u00e9 da manh\u00e3 balanceado com frutas, prote\u00ednas magras e carboidratos complexos (como produtos integrais).<\/p>\n","protected":false},"excerpt":{"rendered":"<p>De acordo com a nutricionista americana Chelsey Amer, uma fatia de pizza e uma tigela de cereal matinal com leite cont\u00eam quase a mesma quantidade&hellip; <\/p>\n","protected":false},"author":1,"featured_media":110510,"comment_status":"closed","ping_status":"closed","sticky":false,"template":"","format":"standard","meta":{"sfsi_plus_gutenberg_text_before_share":"","sfsi_plus_gutenberg_show_text_before_share":"","sfsi_plus_gutenberg_icon_type":"","sfsi_plus_gutenberg_icon_alignemt":"","sfsi_plus_gutenburg_max_per_row":"","footnotes":""},"categories":[16],"tags":[],"class_list":["post-110509","post","type-post","status-publish","format-standard","has-post-thumbnail","hentry","category-saude"],"_links":{"self":[{"href":"https:\/\/www.caririemacao.com\/1\/wp-json\/wp\/v2\/posts\/110509","targetHints":{"allow":["GET"]}}],"collection":[{"href":"https:\/\/www.caririemacao.com\/1\/wp-json\/wp\/v2\/posts"}],"about":[{"href":"https:\/\/www.caririemacao.com\/1\/wp-json\/wp\/v2\/types\/post"}],"author":[{"embeddable":true,"href":"https:\/\/www.caririemacao.com\/1\/wp-json\/wp\/v2\/users\/1"}],"replies":[{"embeddable":true,"href":"https:\/\/www.caririemacao.com\/1\/wp-json\/wp\/v2\/comments?post=110509"}],"version-history":[{"count":1,"href":"https:\/\/www.caririemacao.com\/1\/wp-json\/wp\/v2\/posts\/110509\/revisions"}],"predecessor-version":[{"id":110511,"href":"https:\/\/www.caririemacao.com\/1\/wp-json\/wp\/v2\/posts\/110509\/revisions\/110511"}],"wp:featuredmedia":[{"embeddable":true,"href":"https:\/\/www.caririemacao.com\/1\/wp-json\/wp\/v2\/media\/110510"}],"wp:attachment":[{"href":"https:\/\/www.caririemacao.com\/1\/wp-json\/wp\/v2\/media?parent=110509"}],"wp:term":[{"taxonomy":"category","embeddable":true,"href":"https:\/\/www.caririemacao.com\/1\/wp-json\/wp\/v2\/categories?post=110509"},{"taxonomy":"post_tag","embeddable":true,"href":"https:\/\/www.caririemacao.com\/1\/wp-json\/wp\/v2\/tags?post=110509"}],"curies":[{"name":"wp","href":"https:\/\/api.w.org\/{rel}","templated":true}]}}