{"id":110516,"date":"2019-08-16T08:40:10","date_gmt":"2019-08-16T11:40:10","guid":{"rendered":"http:\/\/www.caririemacao.com\/1\/?p=110516"},"modified":"2019-08-16T08:40:10","modified_gmt":"2019-08-16T11:40:10","slug":"pis-pasep-beneficio-para-os-nascidos-em-agosto-ja-esta-liberado","status":"publish","type":"post","link":"https:\/\/www.caririemacao.com\/1\/2019\/08\/16\/pis-pasep-beneficio-para-os-nascidos-em-agosto-ja-esta-liberado\/","title":{"rendered":"PIS\/Pasep: benef\u00edcio para os nascidos em agosto j\u00e1 est\u00e1 liberado"},"content":{"rendered":"\n<p>O abono salarial do calend\u00e1rio 2019\/2020 do Programa de Integra\u00e7\u00e3o Social (PIS ) e do Programa de Forma\u00e7\u00e3o do Patrim\u00f4nio do Servidor P\u00fablico (Pasep), para os benefici\u00e1rios nascidos em agosto, j\u00e1 est\u00e1 liberado desde essa quinta-feira (15).<\/p>\n\n\n\n<p>Os trabalhadores com inscri\u00e7\u00e3o no PIS recebem na Caixa Econ\u00f4mica Federal. De acordo com o banco, o valor total disponibilizado para os nascidos em agosto \u00e9 de R$ 1,4 bilh\u00e3o destinado a 1,6 milh\u00e3o de benefici\u00e1rios. O trabalhador com inscri\u00e7\u00e3o no Pasep recebe o pagamento no Banco do Brasil.<\/p>\n\n\n\n<p>O dinheiro do benef\u00edcio pode ser sacado at\u00e9 30 de junho de 2020 e pode ser consultado, no caso do PIS, pelo Aplicativo Caixa Trabalhador, no&nbsp;<em>site<\/em>&nbsp;do banco (www.caixa.gov.br\/PIS) ou pelo telefone 0800 726 0207.<\/p>\n\n\n\n<p>Os titulares de conta individual na Caixa, com cadastro atualizado e movimenta\u00e7\u00e3o na conta, recebem o cr\u00e9dito de forma autom\u00e1tica.<\/p>\n\n\n\n<p>Tem direito ao benef\u00edcio o trabalhador inscrito no PIS ou no Pasep h\u00e1 pelo menos cinco anos e que tenha trabalhado formalmente por pelo menos 30 dias, em 2018, com remunera\u00e7\u00e3o mensal m\u00e9dia de at\u00e9 dois sal\u00e1rios m\u00ednimos.<\/p>\n\n\n\n<p>\u00c9 necess\u00e1rio ainda que os dados estejam corretamente informados pelo empregador na Rela\u00e7\u00e3o Anual de Informa\u00e7\u00f5es Sociais (Rais), ano-base 2018.<\/p>\n\n\n\n<figure class=\"wp-block-image\"><img decoding=\"async\" data-src=\"http:\/\/imagens.ebc.com.br\/raVCkfm8JE7lVEeADXLeLOc4d2Q=\/754x0\/smart\/http:\/\/agenciabrasil.ebc.com.br\/sites\/default\/files\/thumbnails\/image\/caixa.png?itok=GuOiN3v1\" alt=\".\" src=\"data:image\/svg+xml;base64,PHN2ZyB3aWR0aD0iMSIgaGVpZ2h0PSIxIiB4bWxucz0iaHR0cDovL3d3dy53My5vcmcvMjAwMC9zdmciPjwvc3ZnPg==\" class=\"lazyload\" \/><\/figure>\n","protected":false},"excerpt":{"rendered":"<p>O abono salarial do calend\u00e1rio 2019\/2020 do Programa de Integra\u00e7\u00e3o Social (PIS ) e do Programa de Forma\u00e7\u00e3o do Patrim\u00f4nio do Servidor P\u00fablico (Pasep), para&hellip; <\/p>\n","protected":false},"author":1,"featured_media":86060,"comment_status":"closed","ping_status":"closed","sticky":false,"template":"","format":"standard","meta":{"sfsi_plus_gutenberg_text_before_share":"","sfsi_plus_gutenberg_show_text_before_share":"","sfsi_plus_gutenberg_icon_type":"","sfsi_plus_gutenberg_icon_alignemt":"","sfsi_plus_gutenburg_max_per_row":"","footnotes":""},"categories":[6],"tags":[],"class_list":["post-110516","post","type-post","status-publish","format-standard","has-post-thumbnail","hentry","category-cidades"],"_links":{"self":[{"href":"https:\/\/www.caririemacao.com\/1\/wp-json\/wp\/v2\/posts\/110516","targetHints":{"allow":["GET"]}}],"collection":[{"href":"https:\/\/www.caririemacao.com\/1\/wp-json\/wp\/v2\/posts"}],"about":[{"href":"https:\/\/www.caririemacao.com\/1\/wp-json\/wp\/v2\/types\/post"}],"author":[{"embeddable":true,"href":"https:\/\/www.caririemacao.com\/1\/wp-json\/wp\/v2\/users\/1"}],"replies":[{"embeddable":true,"href":"https:\/\/www.caririemacao.com\/1\/wp-json\/wp\/v2\/comments?post=110516"}],"version-history":[{"count":1,"href":"https:\/\/www.caririemacao.com\/1\/wp-json\/wp\/v2\/posts\/110516\/revisions"}],"predecessor-version":[{"id":110517,"href":"https:\/\/www.caririemacao.com\/1\/wp-json\/wp\/v2\/posts\/110516\/revisions\/110517"}],"wp:featuredmedia":[{"embeddable":true,"href":"https:\/\/www.caririemacao.com\/1\/wp-json\/wp\/v2\/media\/86060"}],"wp:attachment":[{"href":"https:\/\/www.caririemacao.com\/1\/wp-json\/wp\/v2\/media?parent=110516"}],"wp:term":[{"taxonomy":"category","embeddable":true,"href":"https:\/\/www.caririemacao.com\/1\/wp-json\/wp\/v2\/categories?post=110516"},{"taxonomy":"post_tag","embeddable":true,"href":"https:\/\/www.caririemacao.com\/1\/wp-json\/wp\/v2\/tags?post=110516"}],"curies":[{"name":"wp","href":"https:\/\/api.w.org\/{rel}","templated":true}]}}