{"id":110522,"date":"2019-08-16T08:43:19","date_gmt":"2019-08-16T11:43:19","guid":{"rendered":"http:\/\/www.caririemacao.com\/1\/?p=110522"},"modified":"2019-08-16T08:43:19","modified_gmt":"2019-08-16T11:43:19","slug":"guedes-brasil-sai-do-mercosul-se-argentina-frear-abertura-do-bloco","status":"publish","type":"post","link":"https:\/\/www.caririemacao.com\/1\/2019\/08\/16\/guedes-brasil-sai-do-mercosul-se-argentina-frear-abertura-do-bloco\/","title":{"rendered":"Guedes: Brasil sai do Mercosul se Argentina frear abertura do bloco"},"content":{"rendered":"\n<p>O ministro da Economia, Paulo Guedes, disse na noite desta quinta-feira (15) que, caso a oposi\u00e7\u00e3o ven\u00e7a as elei\u00e7\u00f5es presidenciais na Argentina e apresente resist\u00eancia \u00e0 abertura econ\u00f4mica do Mercosul, o Brasil deixar\u00e1 o bloco. As&nbsp;<a href=\"http:\/\/agenciabrasil.ebc.com.br\/internacional\/noticia\/2019-08\/oposicao-obtem-47-dos-votos-e-vence-eleicoes-primarias-na-argentina\" target=\"_blank\" rel=\"noreferrer noopener\">prim\u00e1rias<\/a>&nbsp;realizadas no \u00faltimo fim de semana &nbsp;pelo pa\u00eds vizinho, que servem como uma pesquisa nacional, indicou o favoritismo da chapa encabe\u00e7ada pelo peronista Alberto Fern\u00e1ndez, que tem como vice a ex-presidente Cristina Kirchner. Eles receberam 47% dos votos. O atual presidente, Mauricio Macri, ficou com 32%.<\/p>\n\n\n\n<p>O primeiro turno est\u00e1 marcado para 27 de outubro e, caso algum candidato obtenha mais de 45% dos votos, n\u00e3o h\u00e1 necessidade de segundo turno. &#8220;Se vence o Macri, o Bolsonaro se d\u00e1 bem com ele e os dois se d\u00e3o bem com o Trump. Ent\u00e3o tudo caminha em alta velocidade. Se der errado, der o outro lado? A pergunta \u00e9 simples. N\u00f3s vamos continuar abrindo. Voc\u00eas tamb\u00e9m? Se n\u00e3o v\u00e3o, ent\u00e3o tchau. A gente sai fora do Mercosul e vamos embora. Acho que vamos ser muito pr\u00e1ticos. E n\u00e3o tememos o efeito disso. O Brasil precisa retomar sua din\u00e2mica de crescimento&#8221;, disse Guedes.<\/p>\n\n\n\n<h2 class=\"wp-block-heading\">Sem crise<\/h2>\n\n\n\n<p>As declara\u00e7\u00f5es foram dadas em discurso na cerim\u00f4nia de encerramento do Semin\u00e1rio sobre G\u00e1s Natural, evento organizado h\u00e1 cada dois anos no Rio de Janeiro pelo Instituto Brasileiro de Petr\u00f3leo, G\u00e1s e Biocombust\u00edveis (IBP). Em junho, o Mercosul fechou um&nbsp;<a href=\"http:\/\/link:%20%20http\/\/agenciabrasil.ebc.com.br\/internacional\/noticia\/2019-06\/mercosul-e-uniao-europeia-fecham-acordo-de-livre-comercio\" target=\"_blank\" rel=\"noreferrer noopener\">acordo de livre com\u00e9rcio<\/a>&nbsp;com a Uni\u00e3o Europeia. Segundo o ministro, os Estados Unidos tamb\u00e9m manifestaram interesse em um acordo comercial com o bloco. Ele disse ainda que a disposi\u00e7\u00e3o do Brasil em abrir o seu mercado faz o pa\u00eds ser disputado. &#8220;Todo mundo est\u00e1 fechando para balan\u00e7o e n\u00f3s somos a \u00fanica mo\u00e7a da festa dispon\u00edvel para dan\u00e7ar. Ent\u00e3o todo mundo quer dan\u00e7ar com a gente&#8221;.<\/p>\n\n\n\n<p>Ao final do evento, Guedes conversou com jornalistas e argumentou que o Brasil n\u00e3o precisa se preocupar com crise externa se o dever de casa for bem feito, porque disp\u00f5e de uma economia com din\u00e2mica pr\u00f3pria de crescimento. Segundo ele, houve momentos em que o mundo estava crescendo aceleradamente e o pa\u00eds n\u00e3o se beneficiou.&nbsp;<\/p>\n\n\n\n<p>&#8220;Se h\u00e1 uma momento favor\u00e1vel l\u00e1 de fora, valoriza o c\u00e2mbio, mas em compensa\u00e7\u00e3o voc\u00ea vende menos m\u00f3veis, t\u00eaxteis. O Brasil foi at\u00e9 desindustrializado mais rapidamente durante o per\u00edodo em que o c\u00e2mbio se valorizou. Agora pode ser contr\u00e1rio. O mundo pode desacelerar e n\u00f3s podemos acelerar. De repente, com energia barata e um c\u00e2mbio um pouco mais alto, voc\u00ea vai reindustrializar autope\u00e7as, m\u00f3veis, sapatos, ind\u00fastria t\u00eaxtil. N\u00e3o devemos temer o efeito cont\u00e1gio. O Brasil tem uma din\u00e2mica pr\u00f3pria como poucos pa\u00edses: os Estados Unidos, a China, a \u00cdndia&#8221;, disse Paulo Guedes. &#8220;Se o d\u00f3lar quiser ir para R$4 ou mais de R$4 por causa da elei\u00e7\u00e3o na Argentina ou pelo vento l\u00e1 fora, deixa ir. Estamos preparados&#8221;, acrescentou.<\/p>\n\n\n\n<h2 class=\"wp-block-heading\">Pacto federativo<\/h2>\n\n\n\n<p>O ministro defendeu ainda um novo pacto federativo entre Uni\u00e3o, estados e munic\u00edpios. Para ele, esse novo pacto pode se beneficiar de um interesse internacional no Brasil. &#8220;Estivemos em Dallas h\u00e1 pouco tempo e falava-se da nossa fronteira de pr\u00e9-sal. Os c\u00e1lculos eram de US$500 bilh\u00f5es, US$600 bilh\u00f5es, at\u00e9 US$900 bilh\u00f5es e US$1 trilh\u00e3o em reservas. \u00c9 um valor colossal pensar que tem quase US$1 trilh\u00e3o para extrair do ch\u00e3o ao longo dos pr\u00f3ximos 25 anos e isso tudo \u00e9 o que vai reavivar o nosso pacto federativo. O dinheiro que sair do ch\u00e3o vamos jogando para os estados e munic\u00edpios para reconstruir a federa\u00e7\u00e3o. S\u00e3o eles que financiam sa\u00fade, educa\u00e7\u00e3o, saneamento, seguran\u00e7a p\u00fablica&#8221;.<\/p>\n\n\n\n<p>Uma proposta est\u00e1 sendo elaborada, de acordo com Guedes, para que o percentual da arrecada\u00e7\u00e3o do pr\u00e9-sal que fica com a Uni\u00e3o seja encolhido gradativamente. Ao final de oito anos, estados e munic\u00edpios ficariam com 70% desses recursos. Ao mesmo tempo, o ministro defende a desvincula\u00e7\u00e3o e desindexa\u00e7\u00e3o das despesas dos or\u00e7amentos de todos os entes federativos, assim como o fim das verbas carimbadas.<\/p>\n\n\n\n<p>&#8220;A principal fun\u00e7\u00e3o da classe pol\u00edtica \u00e9 administrar os recursos p\u00fablicos, \u00e9 alocar os recursos de forma mais eficiente. Vou dar um exemplo. O ministro da Justi\u00e7a, S\u00e9rgio Moro, precisa de R$500 milh\u00f5es para reequipar a For\u00e7a de Seguran\u00e7a Nacional. Mas ele tem R$1,5 bilh\u00e3o do fundo penitenci\u00e1rio. Ele n\u00e3o consegue pegar esse dinheiro. O natural era ele poder remanejar esses recursos. E a\u00ed no final do ano, falta dinheiro para todo mundo, mas sobra dinheiro congelado nos diversos fundos&#8221;.<\/p>\n\n\n\n<h2 class=\"wp-block-heading\">Privatiza\u00e7\u00f5es<\/h2>\n\n\n\n<p>Guedes disse ainda que o presidente da Rep\u00fablica, Jair Bolsonaro, est\u00e1 cada vez mais sintonizado com a agenda de privatiza\u00e7\u00f5es e tem cobrado mais agilidade de Salim Matar, secret\u00e1rio especial de desestatiza\u00e7\u00e3o e desinvestimento do Minist\u00e9rio da Economia. &#8220;Eu durante a campanha falava: vamos privatizar todas. Minha obriga\u00e7\u00e3o \u00e9 recompor as finan\u00e7as da Uni\u00e3o. E estou convencido que as estatais esgotaram o seu ciclo de financiamento, foram perdendo a capacidade de investimento e foram ficando para tr\u00e1s&#8221;, analisou o ministro.<\/p>\n\n\n\n<p>Segundo ele, a capacidade de investimento que o Brasil necessita n\u00e3o \u00e9 compat\u00edvel com monop\u00f3lios e demanda de capital privado. Ele n\u00e3o descartou a privatiza\u00e7\u00e3o da Petrobras. De acordo com o ministro, apesar de estar se recuperando, a estatal n\u00e3o tem capacidade de investimento para fazer frente \u00e0 extra\u00e7\u00e3o dos R$700 bilh\u00f5es em reservas do pr\u00e9-sal.<\/p>\n","protected":false},"excerpt":{"rendered":"<p>O ministro da Economia, Paulo Guedes, disse na noite desta quinta-feira (15) que, caso a oposi\u00e7\u00e3o ven\u00e7a as elei\u00e7\u00f5es presidenciais na Argentina e apresente resist\u00eancia&hellip; <\/p>\n","protected":false},"author":1,"featured_media":106194,"comment_status":"closed","ping_status":"closed","sticky":false,"template":"","format":"standard","meta":{"sfsi_plus_gutenberg_text_before_share":"","sfsi_plus_gutenberg_show_text_before_share":"","sfsi_plus_gutenberg_icon_type":"","sfsi_plus_gutenberg_icon_alignemt":"","sfsi_plus_gutenburg_max_per_row":"","footnotes":""},"categories":[11],"tags":[],"class_list":["post-110522","post","type-post","status-publish","format-standard","has-post-thumbnail","hentry","category-politica"],"_links":{"self":[{"href":"https:\/\/www.caririemacao.com\/1\/wp-json\/wp\/v2\/posts\/110522","targetHints":{"allow":["GET"]}}],"collection":[{"href":"https:\/\/www.caririemacao.com\/1\/wp-json\/wp\/v2\/posts"}],"about":[{"href":"https:\/\/www.caririemacao.com\/1\/wp-json\/wp\/v2\/types\/post"}],"author":[{"embeddable":true,"href":"https:\/\/www.caririemacao.com\/1\/wp-json\/wp\/v2\/users\/1"}],"replies":[{"embeddable":true,"href":"https:\/\/www.caririemacao.com\/1\/wp-json\/wp\/v2\/comments?post=110522"}],"version-history":[{"count":1,"href":"https:\/\/www.caririemacao.com\/1\/wp-json\/wp\/v2\/posts\/110522\/revisions"}],"predecessor-version":[{"id":110523,"href":"https:\/\/www.caririemacao.com\/1\/wp-json\/wp\/v2\/posts\/110522\/revisions\/110523"}],"wp:featuredmedia":[{"embeddable":true,"href":"https:\/\/www.caririemacao.com\/1\/wp-json\/wp\/v2\/media\/106194"}],"wp:attachment":[{"href":"https:\/\/www.caririemacao.com\/1\/wp-json\/wp\/v2\/media?parent=110522"}],"wp:term":[{"taxonomy":"category","embeddable":true,"href":"https:\/\/www.caririemacao.com\/1\/wp-json\/wp\/v2\/categories?post=110522"},{"taxonomy":"post_tag","embeddable":true,"href":"https:\/\/www.caririemacao.com\/1\/wp-json\/wp\/v2\/tags?post=110522"}],"curies":[{"name":"wp","href":"https:\/\/api.w.org\/{rel}","templated":true}]}}