{"id":110524,"date":"2019-08-16T08:46:21","date_gmt":"2019-08-16T11:46:21","guid":{"rendered":"http:\/\/www.caririemacao.com\/1\/?p=110524"},"modified":"2019-08-16T08:46:21","modified_gmt":"2019-08-16T11:46:21","slug":"previsao-do-tempo-para-esta-sexta-feira-em-toda-paraiba-17","status":"publish","type":"post","link":"https:\/\/www.caririemacao.com\/1\/2019\/08\/16\/previsao-do-tempo-para-esta-sexta-feira-em-toda-paraiba-17\/","title":{"rendered":"Previs\u00e3o do tempo para esta sexta-feira em toda Para\u00edba"},"content":{"rendered":"\n<p>Observa-se uma tend\u00eancia de redu\u00e7\u00e3o da nebulosidade sobre o estado da Para\u00edba. Mesmo assim, ainda dever\u00e3o ser registradas chuvas passageiras em algumas \u00e1reas das regi\u00f5es do Litoral, Brejo e Agreste no decorrer das pr\u00f3ximas 24 horas.<\/p>\n\n\n\n<div class=\"wp-block-image\"><figure class=\"aligncenter\"><img decoding=\"async\" data-src=\"https:\/\/paraibaonline.com.br\/wp-content\/uploads\/2019\/08\/tempo1608.jpg\" alt=\"\" class=\"wp-image-758547 lazyload\" src=\"data:image\/svg+xml;base64,PHN2ZyB3aWR0aD0iMSIgaGVpZ2h0PSIxIiB4bWxucz0iaHR0cDovL3d3dy53My5vcmcvMjAwMC9zdmciPjwvc3ZnPg==\" \/><\/figure><\/div>\n\n\n\n<p>*Fonte: Aesa<\/p>\n","protected":false},"excerpt":{"rendered":"<p>Observa-se uma tend\u00eancia de redu\u00e7\u00e3o da nebulosidade sobre o estado da Para\u00edba. Mesmo assim, ainda dever\u00e3o ser registradas chuvas passageiras em algumas \u00e1reas das regi\u00f5es&hellip; <\/p>\n","protected":false},"author":1,"featured_media":60945,"comment_status":"closed","ping_status":"closed","sticky":false,"template":"","format":"standard","meta":{"sfsi_plus_gutenberg_text_before_share":"","sfsi_plus_gutenberg_show_text_before_share":"","sfsi_plus_gutenberg_icon_type":"","sfsi_plus_gutenberg_icon_alignemt":"","sfsi_plus_gutenburg_max_per_row":"","footnotes":""},"categories":[6],"tags":[],"class_list":["post-110524","post","type-post","status-publish","format-standard","has-post-thumbnail","hentry","category-cidades"],"_links":{"self":[{"href":"https:\/\/www.caririemacao.com\/1\/wp-json\/wp\/v2\/posts\/110524","targetHints":{"allow":["GET"]}}],"collection":[{"href":"https:\/\/www.caririemacao.com\/1\/wp-json\/wp\/v2\/posts"}],"about":[{"href":"https:\/\/www.caririemacao.com\/1\/wp-json\/wp\/v2\/types\/post"}],"author":[{"embeddable":true,"href":"https:\/\/www.caririemacao.com\/1\/wp-json\/wp\/v2\/users\/1"}],"replies":[{"embeddable":true,"href":"https:\/\/www.caririemacao.com\/1\/wp-json\/wp\/v2\/comments?post=110524"}],"version-history":[{"count":1,"href":"https:\/\/www.caririemacao.com\/1\/wp-json\/wp\/v2\/posts\/110524\/revisions"}],"predecessor-version":[{"id":110525,"href":"https:\/\/www.caririemacao.com\/1\/wp-json\/wp\/v2\/posts\/110524\/revisions\/110525"}],"wp:featuredmedia":[{"embeddable":true,"href":"https:\/\/www.caririemacao.com\/1\/wp-json\/wp\/v2\/media\/60945"}],"wp:attachment":[{"href":"https:\/\/www.caririemacao.com\/1\/wp-json\/wp\/v2\/media?parent=110524"}],"wp:term":[{"taxonomy":"category","embeddable":true,"href":"https:\/\/www.caririemacao.com\/1\/wp-json\/wp\/v2\/categories?post=110524"},{"taxonomy":"post_tag","embeddable":true,"href":"https:\/\/www.caririemacao.com\/1\/wp-json\/wp\/v2\/tags?post=110524"}],"curies":[{"name":"wp","href":"https:\/\/api.w.org\/{rel}","templated":true}]}}