{"id":110531,"date":"2019-08-16T08:52:28","date_gmt":"2019-08-16T11:52:28","guid":{"rendered":"http:\/\/www.caririemacao.com\/1\/?p=110531"},"modified":"2019-08-16T08:52:28","modified_gmt":"2019-08-16T11:52:28","slug":"prefeitura-de-sume-esta-atualizando-cadastro-de-contribuintes-2","status":"publish","type":"post","link":"https:\/\/www.caririemacao.com\/1\/2019\/08\/16\/prefeitura-de-sume-esta-atualizando-cadastro-de-contribuintes-2\/","title":{"rendered":"Prefeitura de Sum\u00e9 est\u00e1 atualizando cadastro de contribuintes"},"content":{"rendered":"\n<p>A \u00a0Prefeitura de Sum\u00e9, atrav\u00e9s do Setor de Tributos, est\u00e1 realizando a atualiza\u00e7\u00e3o de cadastro dos propriet\u00e1rios de im\u00f3veis e terrenos no munic\u00edpio.<br>A equipe est\u00e1 devidamente uniformizada, visitando cada domic\u00edlio para coletar as informa\u00e7\u00f5es.<br>Caso a resid\u00eancia esteja fechada no momento da coleta, o contribuinte deve comparecer no Setor de Tributos da Prefeitura para a atualiza\u00e7\u00e3o do cadastro. Do mesmo modo os propriet\u00e1rios de terrenos devem comparecer no setor para informar os dados, assim como para esclarecimento de d\u00favidas.<\/p>\n","protected":false},"excerpt":{"rendered":"<p>A \u00a0Prefeitura de Sum\u00e9, atrav\u00e9s do Setor de Tributos, est\u00e1 realizando a atualiza\u00e7\u00e3o de cadastro dos propriet\u00e1rios de im\u00f3veis e terrenos no munic\u00edpio.A equipe est\u00e1&hellip; <\/p>\n","protected":false},"author":1,"featured_media":110532,"comment_status":"closed","ping_status":"closed","sticky":false,"template":"","format":"standard","meta":{"sfsi_plus_gutenberg_text_before_share":"","sfsi_plus_gutenberg_show_text_before_share":"","sfsi_plus_gutenberg_icon_type":"","sfsi_plus_gutenberg_icon_alignemt":"","sfsi_plus_gutenburg_max_per_row":"","footnotes":""},"categories":[2],"tags":[],"class_list":["post-110531","post","type-post","status-publish","format-standard","has-post-thumbnail","hentry","category-geral"],"_links":{"self":[{"href":"https:\/\/www.caririemacao.com\/1\/wp-json\/wp\/v2\/posts\/110531","targetHints":{"allow":["GET"]}}],"collection":[{"href":"https:\/\/www.caririemacao.com\/1\/wp-json\/wp\/v2\/posts"}],"about":[{"href":"https:\/\/www.caririemacao.com\/1\/wp-json\/wp\/v2\/types\/post"}],"author":[{"embeddable":true,"href":"https:\/\/www.caririemacao.com\/1\/wp-json\/wp\/v2\/users\/1"}],"replies":[{"embeddable":true,"href":"https:\/\/www.caririemacao.com\/1\/wp-json\/wp\/v2\/comments?post=110531"}],"version-history":[{"count":1,"href":"https:\/\/www.caririemacao.com\/1\/wp-json\/wp\/v2\/posts\/110531\/revisions"}],"predecessor-version":[{"id":110533,"href":"https:\/\/www.caririemacao.com\/1\/wp-json\/wp\/v2\/posts\/110531\/revisions\/110533"}],"wp:featuredmedia":[{"embeddable":true,"href":"https:\/\/www.caririemacao.com\/1\/wp-json\/wp\/v2\/media\/110532"}],"wp:attachment":[{"href":"https:\/\/www.caririemacao.com\/1\/wp-json\/wp\/v2\/media?parent=110531"}],"wp:term":[{"taxonomy":"category","embeddable":true,"href":"https:\/\/www.caririemacao.com\/1\/wp-json\/wp\/v2\/categories?post=110531"},{"taxonomy":"post_tag","embeddable":true,"href":"https:\/\/www.caririemacao.com\/1\/wp-json\/wp\/v2\/tags?post=110531"}],"curies":[{"name":"wp","href":"https:\/\/api.w.org\/{rel}","templated":true}]}}